{"id":7915170,"date":"2020-01-20T10:54:24","date_gmt":"2020-01-20T09:54:24","guid":{"rendered":"https:\/\/www.wildix.com\/wildix-vola-a-barcellona-e-dallas-per-l-ucc-summit-2020\/"},"modified":"2022-12-22T16:33:28","modified_gmt":"2022-12-22T15:33:28","slug":"wildix-vola-a-barcellona-e-dallas-per-l-ucc-summit-2020","status":"publish","type":"post","link":"https:\/\/www.wildix.com\/it\/wildix-vola-a-barcellona-e-dallas-per-l-ucc-summit-2020\/","title":{"rendered":"Wildix vola a Barcellona e Dallas per l\u2019 UCC Summit 2020"},"content":{"rendered":"\t\t<div data-elementor-type=\"wp-post\" data-elementor-id=\"7915170\" class=\"elementor elementor-7915170\" data-elementor-post-type=\"post\">\n\t\t\t\t\t\t<section class=\"elementor-section elementor-top-section elementor-element elementor-element-5108dd7f elementor-section-boxed elementor-section-height-default elementor-section-height-default\" data-id=\"5108dd7f\" data-element_type=\"section\" data-e-type=\"section\" data-settings=\"{&quot;jet_parallax_layout_list&quot;:[]}\">\n\t\t\t\t\t\t<div class=\"elementor-container elementor-column-gap-default\">\n\t\t\t\t\t<div class=\"elementor-column elementor-col-100 elementor-top-column elementor-element elementor-element-5ceea032\" data-id=\"5ceea032\" data-element_type=\"column\" data-e-type=\"column\">\n\t\t\t<div class=\"elementor-widget-wrap elementor-element-populated\">\n\t\t\t\t\t\t<div class=\"elementor-element elementor-element-1b65f1ba elementor-widget elementor-widget-text-editor\" data-id=\"1b65f1ba\" data-element_type=\"widget\" data-e-type=\"widget\" data-widget_type=\"text-editor.default\">\n\t\t\t\t<div class=\"elementor-widget-container\">\n\t\t\t\t\t\t\t\t\t<div class=\" vc_custom_1579517205053\"><div id=\"text-block-4\" class=\"mk-text-block jupiter-donut- \"><p><strong>L\u2019UCC Summit di Wildix riunir\u00e0 System Integrator e Managed Service Provider di tutto il mondo per fare il punto sugli sviluppi delle Unified Communications in un momento di grandi cambiamenti nel mercato di riferimento.<\/strong><\/p><\/div><\/div><div class=\" vc_custom_1579517878282\"><div id=\"text-block-5\" class=\"mk-text-block jupiter-donut- \"><p>Wildix inizia il 2020 con una nuova edizione dell\u2019<a href=\"https:\/\/www.uc-summit.com\/\" target=\"_blank\" rel=\"noopener noreferrer\">UCC Summit<\/a>, l\u2019evento in cui System Integrator e Managed Service Provider si ritrovano per scoprire strategie vincenti per affrontare al meglio le sfide del mercato.<\/p><p>Quest\u2019anno, poi, l\u2019UCC Summit di Wildix raddoppia e avr\u00e0 luogo in contemporanea in <b>Europa<\/b> e negli <b>Stati Uniti<\/b>: rispettivamente dal 3 al 5 febbraio a Barcellona, e a Dallas dal 2 al 5 febbraio.<\/p><p>\u201c<i>Mai come ora \u00e8 in gioco il futuro dei System Integrator <\/i>\u201d \u2013 afferma Steve Osler, CEO di Wildix, illustrando le ragioni alla base dell\u2019evento.<\/p><\/div><\/div>\t\t\t\t\t\t\t\t<\/div>\n\t\t\t\t<\/div>\n\t\t\t\t<div class=\"elementor-element elementor-element-767b3b0 elementor-widget elementor-widget-video\" data-id=\"767b3b0\" data-element_type=\"widget\" data-e-type=\"widget\" data-settings=\"{&quot;youtube_url&quot;:&quot;https:\\\/\\\/www.youtube.com\\\/watch?v=abzhAftSsLc&quot;,&quot;video_type&quot;:&quot;youtube&quot;,&quot;controls&quot;:&quot;yes&quot;}\" data-widget_type=\"video.default\">\n\t\t\t\t<div class=\"elementor-widget-container\">\n\t\t\t\t\t\t\t<div class=\"elementor-wrapper elementor-open-inline\">\n\t\t\t<div class=\"elementor-video\"><\/div>\t\t<\/div>\n\t\t\t\t\t\t<\/div>\n\t\t\t\t<\/div>\n\t\t\t\t<div class=\"elementor-element elementor-element-1584c4f9 elementor-widget elementor-widget-text-editor\" data-id=\"1584c4f9\" data-element_type=\"widget\" data-e-type=\"widget\" data-widget_type=\"text-editor.default\">\n\t\t\t\t<div class=\"elementor-widget-container\">\n\t\t\t\t\t\t\t\t\t<p>Secondo una ricerca di Gartner, entro il 2022 il 50% degli utenti di telefonia che utilizzano la modalit\u00e0 premise-based guarder\u00e0 con interesse ai pacchetti dei prezzi degli abbonamenti, mentre il 62% dei leader IT che prendono decisioni per la telefonia aziendale acquisir\u00e0 servizi cloud puri (per modalit\u00e0 premise-based si intende che l\u2019azienda acquisti l\u2019intero servizio, comprese le infrastrutture tecnologiche per la sua erogazione, occupandosi direttamente della gestione del contact center).<\/p><p>System Integrator e Managed Service Provider si trovano dunque a un momento di svolta: devono evolversi da rivenditori a consulenti aziendali per continuare a sopravvivere e prosperare in un mercato che sta puntando su nuovi modelli e tecnologie innovative.<\/p><p>Lo scenario in cui questi professionisti devono competere \u00e8 pieno di \u201cnemici\u201d. Ci sono vecchi vendors tradizionali, destinati a non tenere mai il passo \u2013 i Walking Dead Vendor \u2013 e incapaci di far crescere i loro partner; e ci sono nuovi fornitori che sviluppano sistemi a due bit e non sicuri \u2013 VoIPTruz \u2013 che offrono partnership e prodotti inaffidabili. Infine, anche le grandi compagnie che si indirizzano sui clienti finali, saltando il canale dei partner o riducendoli al ruolo di agenti commerciali, catturano i loro clienti con soluzioni Cloud.<\/p><p>Come possono oggi System Integrator e Managed Service Provider tenere il passo con i cambiamenti del mercato? Quali tecnologie per supportare questa missione? Quale miglior tattica di negoziazione con il cliente?<\/p><p>L\u2019UCC Summit fornir\u00e0 le risposte pi\u00f9 aggiornate a queste domande, presentando la nuova gamma di prodotti Wildix e illustrando i principi di ValueSelling, metodo di vendita specializzato sul valore e non sul prezzo.<\/p>\t\t\t\t\t\t\t\t<\/div>\n\t\t\t\t<\/div>\n\t\t\t\t<div class=\"elementor-element elementor-element-2fb2611d testimonials-block elementor-widget elementor-widget-testimonial\" data-id=\"2fb2611d\" data-element_type=\"widget\" data-e-type=\"widget\" data-widget_type=\"testimonial.default\">\n\t\t\t\t<div class=\"elementor-widget-container\">\n\t\t\t\t\t\t\t<div class=\"elementor-testimonial-wrapper\">\n\t\t\t\t\t\t\t<div class=\"elementor-testimonial-content\">Il 2020 sar\u00e0 un anno di svolta, la tecnologia e il mercato UCaaS stanno cambiando rapidamente \u2013 continua Steve Osler \u2013 Per questa ragione non c\u2019\u00e8 Summit pi\u00f9 importante di quello del 2020. Il nostro reparto R&amp;D, cos\u00ec come i team marketing e sales, hanno lavorato e lavorano costantemente per fornire la ricetta in grado di salvare il futuro dei System Integrator. Durante questo Summit i partner potranno scoprire le strategie e le tattiche concrete da usare nel loro quotidiano, oltre alle nuove incredibili soluzioni della nostra attivit\u00e0 di ricerca e sviluppo per aiutare i clienti a migliorare il loro business, con pi\u00f9 efficienza e nel modo pi\u00f9 sicuro disponibile oggi sul mercato<\/div>\n\t\t\t\n\t\t\t\t\t<\/div>\n\t\t\t\t\t\t<\/div>\n\t\t\t\t<\/div>\n\t\t\t\t<div class=\"elementor-element elementor-element-7665f935 elementor-widget elementor-widget-text-editor\" data-id=\"7665f935\" data-element_type=\"widget\" data-e-type=\"widget\" data-widget_type=\"text-editor.default\">\n\t\t\t\t<div class=\"elementor-widget-container\">\n\t\t\t\t\t\t\t\t\t<p>L\u2019UCC Summit rappresenter\u00e0 inoltre un\u2019occasione unica per apprendere i fondamenti del <b>Kanban<\/b>, la tecnica giapponese nata con la formula LEAN in Toyota, che consente di attuare una gestione pi\u00f9 performante nel processo produttivo grazie alle <i>lecture<\/i> dei suoi massimi teorici mondiali. A riguardo \u00e8 confermata la straordinaria partecipazione di David J Anderson e Alexei Zheglov, due tra le personalit\u00e0 che hanno maggiormente inciso nelle teorie di management industriale, e pionieri del Kanban.<\/p><p>Pi\u00f9 in generale l\u2019UCC Summit sar\u00e0 caratterizzato da sessioni di marketing e sales e report di analisti dei maggiori istituti di consulenza mondiali (Gartner, Forrester), e rappresenter\u00e0 un momento importante per fare networking.<\/p><p>L\u2019agenda del Summit presenta momenti di confronto e dibattito comuni alle due citt\u00e0.<\/p><p>Particolarmente prestigioso il <i>parterre<\/i> degli speaker esterni: David J Anderson (Dallas), School of Management, Leader of the Kanban movement, Alexei Zheglov (Barcellona), Founder and Principal Consultant Lean A-to-Z, Inc, Jay McBain (Dallas), Principal Analyst Forrester, Frank Merenda (Barcellona), Marketing Expert (Metodo Merenda), Jim Roche (Barcellona), Managing Partner ValueSelling Associates Inc,\u00a0 Dominic Black (Barcellona), Head Of Research Cavell Group, Mitch Friedman (Dallas) Managing Partner ValueSelling Associates Inc, e Alberto Benigno (Barcellona), Account Executive High Technology Enterprises Gartner: qui puoi scoprire <a href=\"https:\/\/www.uc-summit.com\/#agenda\" target=\"_blank\" rel=\"noopener noreferrer\">l\u2019agenda<\/a> completa.<\/p>\t\t\t\t\t\t\t\t<\/div>\n\t\t\t\t<\/div>\n\t\t\t\t<div class=\"elementor-element elementor-element-2f5905a elementor-align-center elementor-widget elementor-widget-button\" data-id=\"2f5905a\" data-element_type=\"widget\" data-e-type=\"widget\" data-widget_type=\"button.default\">\n\t\t\t\t<div class=\"elementor-widget-container\">\n\t\t\t\t\t\t\t\t\t<div class=\"elementor-button-wrapper\">\n\t\t\t\t\t<a class=\"elementor-button elementor-button-link elementor-size-sm\" href=\"https:\/\/www.uc-summit.com\/ucc-summit-2020-registration\/\">\n\t\t\t\t\t\t<span class=\"elementor-button-content-wrapper\">\n\t\t\t\t\t\t\t\t\t<span class=\"elementor-button-text\">Iscriviti subito all\u2019UCC Summit 2020<\/span>\n\t\t\t\t\t<\/span>\n\t\t\t\t\t<\/a>\n\t\t\t\t<\/div>\n\t\t\t\t\t\t\t\t<\/div>\n\t\t\t\t<\/div>\n\t\t\t\t\t<\/div>\n\t\t<\/div>\n\t\t\t\t\t<\/div>\n\t\t<\/section>\n\t\t\t\t<\/div>\n\t\t","protected":false},"excerpt":{"rendered":"<p>L\u2019UCC Summit di Wildix riunir\u00e0 System Integrator e Managed Service Provider di tutto il mondo per fare il punto sugli sviluppi delle Unified Communications in un momento di grandi cambiamenti nel mercato di riferimento. Wildix inizia il 2020 con una nuova edizione dell\u2019UCC Summit, l\u2019evento in cui System Integrator e Managed Service Provider si ritrovano [&hellip;]<\/p>\n","protected":false},"author":6,"featured_media":7915171,"parent":0,"comment_status":"open","ping_status":"open","sticky":false,"template":"","format":"standard","meta":{"_acf_changed":false,"site-sidebar-layout":"default","site-content-layout":"","ast-site-content-layout":"default","site-content-style":"default","site-sidebar-style":"default","ast-global-header-display":"","ast-banner-title-visibility":"","ast-main-header-display":"","ast-hfb-above-header-display":"","ast-hfb-below-header-display":"","ast-hfb-mobile-header-display":"","site-post-title":"","ast-breadcrumbs-content":"","ast-featured-img":"","footer-sml-layout":"","ast-disable-related-posts":"","theme-transparent-header-meta":"","adv-header-id-meta":"","stick-header-meta":"","header-above-stick-meta":"","header-main-stick-meta":"","header-below-stick-meta":"","astra-migrate-meta-layouts":"default","ast-page-background-enabled":"default","ast-page-background-meta":{"desktop":{"background-color":"var(--ast-global-color-4)","background-image":"","background-repeat":"repeat","background-position":"center center","background-size":"auto","background-attachment":"scroll","background-type":"","background-media":"","overlay-type":"","overlay-color":"","overlay-opacity":"","overlay-gradient":""},"tablet":{"background-color":"","background-image":"","background-repeat":"repeat","background-position":"center center","background-size":"auto","background-attachment":"scroll","background-type":"","background-media":"","overlay-type":"","overlay-color":"","overlay-opacity":"","overlay-gradient":""},"mobile":{"background-color":"","background-image":"","background-repeat":"repeat","background-position":"center center","background-size":"auto","background-attachment":"scroll","background-type":"","background-media":"","overlay-type":"","overlay-color":"","overlay-opacity":"","overlay-gradient":""}},"ast-content-background-meta":{"desktop":{"background-color":"var(--ast-global-color-5)","background-image":"","background-repeat":"repeat","background-position":"center center","background-size":"auto","background-attachment":"scroll","background-type":"","background-media":"","overlay-type":"","overlay-color":"","overlay-opacity":"","overlay-gradient":""},"tablet":{"background-color":"var(--ast-global-color-5)","background-image":"","background-repeat":"repeat","background-position":"center center","background-size":"auto","background-attachment":"scroll","background-type":"","background-media":"","overlay-type":"","overlay-color":"","overlay-opacity":"","overlay-gradient":""},"mobile":{"background-color":"var(--ast-global-color-5)","background-image":"","background-repeat":"repeat","background-position":"center center","background-size":"auto","background-attachment":"scroll","background-type":"","background-media":"","overlay-type":"","overlay-color":"","overlay-opacity":"","overlay-gradient":""}},"_jet_sm_ready_style":"","_jet_sm_style":"","_jet_sm_controls_values":"","_jet_sm_fonts_collection":"","_jet_sm_fonts_links":"","footnotes":""},"categories":[364],"tags":[],"class_list":["post-7915170","post","type-post","status-publish","format-standard","has-post-thumbnail","hentry","category-news-it"],"acf":[],"yoast_head":"<!-- This site is optimized with the Yoast SEO plugin v27.4 - https:\/\/yoast.com\/product\/yoast-seo-wordpress\/ -->\n<title>Wildix vola a Barcellona e Dallas per l\u2019 UCC Summit 2020<\/title>\n<meta name=\"description\" content=\"L\u2019UCC Summit di Wildix riunir\u00e0 System Integrator e Managed Service Provider di tutto il mondo per fare il punto sugli sviluppi delle Unified Communications in un momento di grandi cambiamenti nel mercato di riferimento.\" \/>\n<meta name=\"robots\" content=\"index, follow, max-snippet:-1, max-image-preview:large, max-video-preview:-1\" \/>\n<meta property=\"og:locale\" content=\"it_IT\" \/>\n<meta property=\"og:type\" content=\"article\" \/>\n<meta property=\"og:title\" content=\"Wildix vola a Barcellona e Dallas per l\u2019 UCC Summit 2020\" \/>\n<meta property=\"og:description\" content=\"L\u2019UCC Summit di Wildix riunir\u00e0 System Integrator e Managed Service Provider di tutto il mondo per fare il punto sugli sviluppi delle Unified Communications in un momento di grandi cambiamenti nel mercato di riferimento.\" \/>\n<meta property=\"og:url\" content=\"https:\/\/www.wildix.com\/it\/wildix-vola-a-barcellona-e-dallas-per-l-ucc-summit-2020\/\" \/>\n<meta property=\"og:site_name\" content=\"Wildix\" \/>\n<meta property=\"article:publisher\" content=\"https:\/\/www.facebook.com\/groups\/wildixtechwizards\/?mibextid=6NoCDW\" \/>\n<meta property=\"article:published_time\" content=\"2020-01-20T09:54:24+00:00\" \/>\n<meta property=\"article:modified_time\" content=\"2022-12-22T15:33:28+00:00\" \/>\n<meta property=\"og:image\" content=\"https:\/\/www.wildix.com\/wp-content\/uploads\/2020\/01\/ucc-summit-by-wildix.jpg\" \/>\n\t<meta property=\"og:image:width\" content=\"1200\" \/>\n\t<meta property=\"og:image:height\" content=\"594\" \/>\n\t<meta property=\"og:image:type\" content=\"image\/jpeg\" \/>\n<meta name=\"author\" content=\"annalisa.toniatti@wildix.com\" \/>\n<meta name=\"twitter:card\" content=\"summary_large_image\" \/>\n<meta name=\"twitter:creator\" content=\"@wildix_\" \/>\n<meta name=\"twitter:site\" content=\"@wildix_\" \/>\n<meta name=\"twitter:label1\" content=\"Scritto da\" \/>\n\t<meta name=\"twitter:data1\" content=\"annalisa.toniatti@wildix.com\" \/>\n\t<meta name=\"twitter:label2\" content=\"Tempo di lettura stimato\" \/>\n\t<meta name=\"twitter:data2\" content=\"4 minuti\" \/>\n<!-- \/ Yoast SEO plugin. -->","yoast_head_json":{"title":"Wildix vola a Barcellona e Dallas per l\u2019 UCC Summit 2020","description":"L\u2019UCC Summit di Wildix riunir\u00e0 System Integrator e Managed Service Provider di tutto il mondo per fare il punto sugli sviluppi delle Unified Communications in un momento di grandi cambiamenti nel mercato di riferimento.","robots":{"index":"index","follow":"follow","max-snippet":"max-snippet:-1","max-image-preview":"max-image-preview:large","max-video-preview":"max-video-preview:-1"},"og_locale":"it_IT","og_type":"article","og_title":"Wildix vola a Barcellona e Dallas per l\u2019 UCC Summit 2020","og_description":"L\u2019UCC Summit di Wildix riunir\u00e0 System Integrator e Managed Service Provider di tutto il mondo per fare il punto sugli sviluppi delle Unified Communications in un momento di grandi cambiamenti nel mercato di riferimento.","og_url":"https:\/\/www.wildix.com\/it\/wildix-vola-a-barcellona-e-dallas-per-l-ucc-summit-2020\/","og_site_name":"Wildix","article_publisher":"https:\/\/www.facebook.com\/groups\/wildixtechwizards\/?mibextid=6NoCDW","article_published_time":"2020-01-20T09:54:24+00:00","article_modified_time":"2022-12-22T15:33:28+00:00","og_image":[{"width":1200,"height":594,"url":"https:\/\/www.wildix.com\/wp-content\/uploads\/2020\/01\/ucc-summit-by-wildix.jpg","type":"image\/jpeg"}],"author":"annalisa.toniatti@wildix.com","twitter_card":"summary_large_image","twitter_creator":"@wildix_","twitter_site":"@wildix_","twitter_misc":{"Scritto da":"annalisa.toniatti@wildix.com","Tempo di lettura stimato":"4 minuti"},"schema":{"@context":"https:\/\/schema.org","@graph":[{"@type":"Article","@id":"https:\/\/www.wildix.com\/it\/wildix-vola-a-barcellona-e-dallas-per-l-ucc-summit-2020\/#article","isPartOf":{"@id":"https:\/\/www.wildix.com\/it\/wildix-vola-a-barcellona-e-dallas-per-l-ucc-summit-2020\/"},"author":{"name":"annalisa.toniatti@wildix.com","@id":"https:\/\/www.wildix.com\/it\/#\/schema\/person\/1ae0802177eafd0e9bfb52cbbcbbbd11"},"headline":"Wildix vola a Barcellona e Dallas per l\u2019 UCC Summit 2020","datePublished":"2020-01-20T09:54:24+00:00","dateModified":"2022-12-22T15:33:28+00:00","mainEntityOfPage":{"@id":"https:\/\/www.wildix.com\/it\/wildix-vola-a-barcellona-e-dallas-per-l-ucc-summit-2020\/"},"wordCount":717,"commentCount":0,"publisher":{"@id":"https:\/\/www.wildix.com\/it\/#organization"},"image":{"@id":"https:\/\/www.wildix.com\/it\/wildix-vola-a-barcellona-e-dallas-per-l-ucc-summit-2020\/#primaryimage"},"thumbnailUrl":"https:\/\/www.wildix.com\/wp-content\/uploads\/2022\/05\/ucc-summit-by-wildix.jpg","articleSection":["News ITA"],"inLanguage":"it-IT","potentialAction":[{"@type":"CommentAction","name":"Comment","target":["https:\/\/www.wildix.com\/it\/wildix-vola-a-barcellona-e-dallas-per-l-ucc-summit-2020\/#respond"]}]},{"@type":"WebPage","@id":"https:\/\/www.wildix.com\/it\/wildix-vola-a-barcellona-e-dallas-per-l-ucc-summit-2020\/","url":"https:\/\/www.wildix.com\/it\/wildix-vola-a-barcellona-e-dallas-per-l-ucc-summit-2020\/","name":"Wildix vola a Barcellona e Dallas per l\u2019 UCC Summit 2020","isPartOf":{"@id":"https:\/\/www.wildix.com\/it\/#website"},"primaryImageOfPage":{"@id":"https:\/\/www.wildix.com\/it\/wildix-vola-a-barcellona-e-dallas-per-l-ucc-summit-2020\/#primaryimage"},"image":{"@id":"https:\/\/www.wildix.com\/it\/wildix-vola-a-barcellona-e-dallas-per-l-ucc-summit-2020\/#primaryimage"},"thumbnailUrl":"https:\/\/www.wildix.com\/wp-content\/uploads\/2022\/05\/ucc-summit-by-wildix.jpg","datePublished":"2020-01-20T09:54:24+00:00","dateModified":"2022-12-22T15:33:28+00:00","description":"L\u2019UCC Summit di Wildix riunir\u00e0 System Integrator e Managed Service Provider di tutto il mondo per fare il punto sugli sviluppi delle Unified Communications in un momento di grandi cambiamenti nel mercato di riferimento.","breadcrumb":{"@id":"https:\/\/www.wildix.com\/it\/wildix-vola-a-barcellona-e-dallas-per-l-ucc-summit-2020\/#breadcrumb"},"inLanguage":"it-IT","potentialAction":[{"@type":"ReadAction","target":["https:\/\/www.wildix.com\/it\/wildix-vola-a-barcellona-e-dallas-per-l-ucc-summit-2020\/"]}]},{"@type":"ImageObject","inLanguage":"it-IT","@id":"https:\/\/www.wildix.com\/it\/wildix-vola-a-barcellona-e-dallas-per-l-ucc-summit-2020\/#primaryimage","url":"https:\/\/www.wildix.com\/wp-content\/uploads\/2022\/05\/ucc-summit-by-wildix.jpg","contentUrl":"https:\/\/www.wildix.com\/wp-content\/uploads\/2022\/05\/ucc-summit-by-wildix.jpg","width":1200,"height":594},{"@type":"BreadcrumbList","@id":"https:\/\/www.wildix.com\/it\/wildix-vola-a-barcellona-e-dallas-per-l-ucc-summit-2020\/#breadcrumb","itemListElement":[{"@type":"ListItem","position":1,"name":"Home","item":"https:\/\/www.wildix.com\/it\/"},{"@type":"ListItem","position":2,"name":"Wildix vola a Barcellona e Dallas per l\u2019 UCC Summit 2020"}]},{"@type":"WebSite","@id":"https:\/\/www.wildix.com\/it\/#website","url":"https:\/\/www.wildix.com\/it\/","name":"Wildix","description":"","publisher":{"@id":"https:\/\/www.wildix.com\/it\/#organization"},"potentialAction":[{"@type":"SearchAction","target":{"@type":"EntryPoint","urlTemplate":"https:\/\/www.wildix.com\/it\/?s={search_term_string}"},"query-input":{"@type":"PropertyValueSpecification","valueRequired":true,"valueName":"search_term_string"}}],"inLanguage":"it-IT"},{"@type":"Organization","@id":"https:\/\/www.wildix.com\/it\/#organization","name":"Wildix","url":"https:\/\/www.wildix.com\/it\/","logo":{"@type":"ImageObject","inLanguage":"it-IT","@id":"https:\/\/www.wildix.com\/it\/#\/schema\/logo\/image\/","url":"https:\/\/www.wildix.com\/wp-content\/uploads\/2021\/09\/logo-1.svg","contentUrl":"https:\/\/www.wildix.com\/wp-content\/uploads\/2021\/09\/logo-1.svg","caption":"Wildix"},"image":{"@id":"https:\/\/www.wildix.com\/it\/#\/schema\/logo\/image\/"},"sameAs":["https:\/\/www.facebook.com\/groups\/wildixtechwizards\/?mibextid=6NoCDW","https:\/\/x.com\/wildix_"]},{"@type":"Person","@id":"https:\/\/www.wildix.com\/it\/#\/schema\/person\/1ae0802177eafd0e9bfb52cbbcbbbd11","name":"annalisa.toniatti@wildix.com","image":{"@type":"ImageObject","inLanguage":"it-IT","@id":"https:\/\/secure.gravatar.com\/avatar\/1689dadad3d928292b6346b0643231452ed142a52fd3c0b7bc11222a2c2b8102?s=96&d=mm&r=g","url":"https:\/\/secure.gravatar.com\/avatar\/1689dadad3d928292b6346b0643231452ed142a52fd3c0b7bc11222a2c2b8102?s=96&d=mm&r=g","contentUrl":"https:\/\/secure.gravatar.com\/avatar\/1689dadad3d928292b6346b0643231452ed142a52fd3c0b7bc11222a2c2b8102?s=96&d=mm&r=g","caption":"annalisa.toniatti@wildix.com"},"url":"https:\/\/www.wildix.com\/it\/author\/annalisa-toniattiwildix-com\/"}]}},"clean_content":"L\u2019UCC Summit di Wildix riunir\u00e0 System Integrator e Managed Service Provider di tutto il mondo per fare il punto sugli sviluppi delle Unified Communications in un momento di grandi cambiamenti nel mercato di riferimento.Wildix inizia il 2020 con una nuova edizione dell\u2019UCC Summit, l\u2019evento in cui System Integrator e Managed Service Provider si ritrovano per scoprire strategie vincenti per affrontare al meglio le sfide del mercato.Quest\u2019anno, poi, l\u2019UCC Summit di Wildix raddoppia e avr\u00e0 luogo in contemporanea in Europa e negli Stati Uniti: rispettivamente dal 3 al 5 febbraio a Barcellona, e a Dallas dal 2 al 5 febbraio.\u201cMai come ora \u00e8 in gioco il futuro dei System Integrator \u201d \u2013 afferma Steve Osler, CEO di Wildix, illustrando le ragioni alla base dell\u2019evento. Secondo una ricerca di Gartner, entro il 2022 il 50% degli utenti di telefonia che utilizzano la modalit\u00e0 premise-based guarder\u00e0 con interesse ai pacchetti dei prezzi degli abbonamenti, mentre il 62% dei leader IT che prendono decisioni per la telefonia aziendale acquisir\u00e0 servizi cloud puri (per modalit\u00e0 premise-based si intende che l\u2019azienda acquisti l\u2019intero servizio, comprese le infrastrutture tecnologiche per la sua erogazione, occupandosi direttamente della gestione del contact center).System Integrator e Managed Service Provider si trovano dunque a un momento di svolta: devono evolversi da rivenditori a consulenti aziendali per continuare a sopravvivere e prosperare in un mercato che sta puntando su nuovi modelli e tecnologie innovative.Lo scenario in cui questi professionisti devono competere \u00e8 pieno di \u201cnemici\u201d. Ci sono vecchi vendors tradizionali, destinati a non tenere mai il passo \u2013 i Walking Dead Vendor \u2013 e incapaci di far crescere i loro partner; e ci sono nuovi fornitori che sviluppano sistemi a due bit e non sicuri \u2013 VoIPTruz \u2013 che offrono partnership e prodotti inaffidabili. Infine, anche le grandi compagnie che si indirizzano sui clienti finali, saltando il canale dei partner o riducendoli al ruolo di agenti commerciali, catturano i loro clienti con soluzioni Cloud.Come possono oggi System Integrator e Managed Service Provider tenere il passo con i cambiamenti del mercato? Quali tecnologie per supportare questa missione? Quale miglior tattica di negoziazione con il cliente?L\u2019UCC Summit fornir\u00e0 le risposte pi\u00f9 aggiornate a queste domande, presentando la nuova gamma di prodotti Wildix e illustrando i principi di ValueSelling, metodo di vendita specializzato sul valore e non sul prezzo. Il 2020 sar\u00e0 un anno di svolta, la tecnologia e il mercato UCaaS stanno cambiando rapidamente \u2013 continua Steve Osler \u2013 Per questa ragione non c\u2019\u00e8 Summit pi\u00f9 importante di quello del 2020. Il nostro reparto R&D, cos\u00ec come i team marketing e sales, hanno lavorato e lavorano costantemente per fornire la ricetta in grado di salvare il futuro dei System Integrator. Durante questo Summit i partner potranno scoprire le strategie e le tattiche concrete da usare nel loro quotidiano, oltre alle nuove incredibili soluzioni della nostra attivit\u00e0 di ricerca e sviluppo per aiutare i clienti a migliorare il loro business, con pi\u00f9 efficienza e nel modo pi\u00f9 sicuro disponibile oggi sul mercato L\u2019UCC Summit rappresenter\u00e0 inoltre un\u2019occasione unica per apprendere i fondamenti del Kanban, la tecnica giapponese nata con la formula LEAN in Toyota, che consente di attuare una gestione pi\u00f9 performante nel processo produttivo grazie alle lecture dei suoi massimi teorici mondiali. A riguardo \u00e8 confermata la straordinaria partecipazione di David J Anderson e Alexei Zheglov, due tra le personalit\u00e0 che hanno maggiormente inciso nelle teorie di management industriale, e pionieri del Kanban.Pi\u00f9 in generale l\u2019UCC Summit sar\u00e0 caratterizzato da sessioni di marketing e sales e report di analisti dei maggiori istituti di consulenza mondiali (Gartner, Forrester), e rappresenter\u00e0 un momento importante per fare networking.L\u2019agenda del Summit presenta momenti di confronto e dibattito comuni alle due citt\u00e0.Particolarmente prestigioso il parterre degli speaker esterni: David J Anderson (Dallas), School of Management, Leader of the Kanban movement, Alexei Zheglov (Barcellona), Founder and Principal Consultant Lean A-to-Z, Inc, Jay McBain (Dallas), Principal Analyst Forrester, Frank Merenda (Barcellona), Marketing Expert (Metodo Merenda), Jim Roche (Barcellona), Managing Partner ValueSelling Associates Inc,\u00a0 Dominic Black (Barcellona), Head Of Research Cavell Group, Mitch Friedman (Dallas) Managing Partner ValueSelling Associates Inc, e Alberto Benigno (Barcellona), Account Executive High Technology Enterprises Gartner: qui puoi scoprire l\u2019agenda completa. Iscriviti subito all\u2019UCC Summit 2020","clean_excerpt":"L\u2019UCC Summit di Wildix riunir\u00e0 System Integrator e Managed Service Provider di tutto il mondo per fare il punto sugli sviluppi delle Unified Communications in un momento di grandi cambiamenti nel mercato di riferimento.Wildix inizia il 2020 con una nuova edizione dell\u2019UCC Summit, l\u2019evento in cui System Integrator e Managed Service Provider si ritrovano per...","_links":{"self":[{"href":"https:\/\/www.wildix.com\/it\/wp-json\/wp\/v2\/posts\/7915170","targetHints":{"allow":["GET"]}}],"collection":[{"href":"https:\/\/www.wildix.com\/it\/wp-json\/wp\/v2\/posts"}],"about":[{"href":"https:\/\/www.wildix.com\/it\/wp-json\/wp\/v2\/types\/post"}],"author":[{"embeddable":true,"href":"https:\/\/www.wildix.com\/it\/wp-json\/wp\/v2\/users\/6"}],"replies":[{"embeddable":true,"href":"https:\/\/www.wildix.com\/it\/wp-json\/wp\/v2\/comments?post=7915170"}],"version-history":[{"count":0,"href":"https:\/\/www.wildix.com\/it\/wp-json\/wp\/v2\/posts\/7915170\/revisions"}],"wp:featuredmedia":[{"embeddable":true,"href":"https:\/\/www.wildix.com\/it\/wp-json\/wp\/v2\/media\/7915171"}],"wp:attachment":[{"href":"https:\/\/www.wildix.com\/it\/wp-json\/wp\/v2\/media?parent=7915170"}],"wp:term":[{"taxonomy":"category","embeddable":true,"href":"https:\/\/www.wildix.com\/it\/wp-json\/wp\/v2\/categories?post=7915170"},{"taxonomy":"post_tag","embeddable":true,"href":"https:\/\/www.wildix.com\/it\/wp-json\/wp\/v2\/tags?post=7915170"}],"curies":[{"name":"wp","href":"https:\/\/api.w.org\/{rel}","templated":true}]}}