{"id":8048692,"date":"2023-08-31T01:24:17","date_gmt":"2023-08-30T23:24:17","guid":{"rendered":"https:\/\/www.wildix.com\/wildix-announces-apple-vision-pro-support\/"},"modified":"2024-03-19T11:24:52","modified_gmt":"2024-03-19T10:24:52","slug":"wildix-annonce-son-integration-au-apple-vision-pro","status":"publish","type":"post","link":"https:\/\/www.wildix.com\/fr\/wildix-annonce-son-integration-au-apple-vision-pro\/","title":{"rendered":"Wildix annonce son int\u00e9gration au tout nouvel Apple\u00a0Vision\u00a0Pro\u00a0VR"},"content":{"rendered":"\t\t<div data-elementor-type=\"wp-post\" data-elementor-id=\"8048692\" class=\"elementor elementor-8048692 elementor-8048449\" data-elementor-post-type=\"post\">\n\t\t\t\t\t\t<section class=\"elementor-section elementor-top-section elementor-element elementor-element-7b7f8061 elementor-section-boxed elementor-section-height-default elementor-section-height-default\" data-id=\"7b7f8061\" data-element_type=\"section\" data-e-type=\"section\" data-settings=\"{&quot;jet_parallax_layout_list&quot;:[]}\">\n\t\t\t\t\t\t<div class=\"elementor-container elementor-column-gap-default\">\n\t\t\t\t\t<div class=\"elementor-column elementor-col-100 elementor-top-column elementor-element elementor-element-2fed16dc\" data-id=\"2fed16dc\" data-element_type=\"column\" data-e-type=\"column\">\n\t\t\t<div class=\"elementor-widget-wrap elementor-element-populated\">\n\t\t\t\t\t\t<section class=\"elementor-section elementor-inner-section elementor-element elementor-element-56d856f9 elementor-section-boxed elementor-section-height-default elementor-section-height-default\" data-id=\"56d856f9\" data-element_type=\"section\" data-e-type=\"section\" data-settings=\"{&quot;jet_parallax_layout_list&quot;:[]}\">\n\t\t\t\t\t\t<div class=\"elementor-container elementor-column-gap-default\">\n\t\t\t\t\t<div class=\"elementor-column elementor-col-100 elementor-inner-column elementor-element elementor-element-3cedd2c6\" data-id=\"3cedd2c6\" data-element_type=\"column\" data-e-type=\"column\">\n\t\t\t<div class=\"elementor-widget-wrap elementor-element-populated\">\n\t\t\t\t\t\t<div class=\"elementor-element elementor-element-68eb486c elementor-widget elementor-widget-text-editor\" data-id=\"68eb486c\" data-element_type=\"widget\" data-e-type=\"widget\" data-widget_type=\"text-editor.default\">\n\t\t\t\t<div class=\"elementor-widget-container\">\n\t\t\t\t\t\t\t\t\t<span style=\"background-color: #003366; color: #ffffff; padding: 10px 10px 10px 10px; border-radius: 3px;\">Communiqu\u00e9 de Presse <\/span>\t\t\t\t\t\t\t\t<\/div>\n\t\t\t\t<\/div>\n\t\t\t\t\t<\/div>\n\t\t<\/div>\n\t\t\t\t\t<\/div>\n\t\t<\/section>\n\t\t\t\t<section class=\"elementor-section elementor-inner-section elementor-element elementor-element-3890855b elementor-section-boxed elementor-section-height-default elementor-section-height-default\" data-id=\"3890855b\" data-element_type=\"section\" data-e-type=\"section\" data-settings=\"{&quot;jet_parallax_layout_list&quot;:[]}\">\n\t\t\t\t\t\t<div class=\"elementor-container elementor-column-gap-default\">\n\t\t\t\t\t<div class=\"elementor-column elementor-col-100 elementor-inner-column elementor-element elementor-element-2a162d1d\" data-id=\"2a162d1d\" data-element_type=\"column\" data-e-type=\"column\">\n\t\t\t<div class=\"elementor-widget-wrap elementor-element-populated\">\n\t\t\t\t\t\t<div class=\"elementor-element elementor-element-d4fd928 elementor-widget elementor-widget-text-editor\" data-id=\"d4fd928\" data-element_type=\"widget\" data-e-type=\"widget\" data-widget_type=\"text-editor.default\">\n\t\t\t\t<div class=\"elementor-widget-container\">\n\t\t\t\t\t\t\t\t\t31 Ao\u00fbt 2023 \u2014 Tallinn, Estonie \u2014 Wildix est ravi de vous annoncer que nous avons d\u00e9velopp\u00e9 la premi\u00e8re solution de communications unifi\u00e9es compatible avec le casque Apple Vision Pro. Cette nouvelle arrive seulement trois mois apr\u00e8s l\u2019annonce de la sortie du casque de r\u00e9alit\u00e9 virtuelle.  \t\t\t\t\t\t\t\t<\/div>\n\t\t\t\t<\/div>\n\t\t\t\t\t<\/div>\n\t\t<\/div>\n\t\t\t\t\t<\/div>\n\t\t<\/section>\n\t\t\t\t<section class=\"elementor-section elementor-inner-section elementor-element elementor-element-18e94fd2 elementor-section-boxed elementor-section-height-default elementor-section-height-default\" data-id=\"18e94fd2\" data-element_type=\"section\" data-e-type=\"section\" data-settings=\"{&quot;jet_parallax_layout_list&quot;:[]}\">\n\t\t\t\t\t\t<div class=\"elementor-container elementor-column-gap-default\">\n\t\t\t\t\t<div class=\"elementor-column elementor-col-50 elementor-inner-column elementor-element elementor-element-55b67bf0\" data-id=\"55b67bf0\" data-element_type=\"column\" data-e-type=\"column\">\n\t\t\t<div class=\"elementor-widget-wrap elementor-element-populated\">\n\t\t\t\t\t\t<div class=\"elementor-element elementor-element-7c32f0d4 elementor-widget elementor-widget-text-editor\" data-id=\"7c32f0d4\" data-element_type=\"widget\" data-e-type=\"widget\" data-widget_type=\"text-editor.default\">\n\t\t\t\t<div class=\"elementor-widget-container\">\n\t\t\t\t\t\t\t\t\tCette int\u00e9gration signifie une compatibilit\u00e9 compl\u00e8te avec le logiciel du casque, permettant aux utilisateurs de participer activement aux r\u00e9unions, aux chats et aux appels t\u00e9l\u00e9phoniques en r\u00e9alit\u00e9 virtuelle. Il s\u2019agit du pr\u00e9curseur des salles de r\u00e9unions virtuelles enti\u00e8rement d\u00e9velopp\u00e9es et accessibles n\u2019importe o\u00f9 dans le monde. \t\t\t\t\t\t\t\t<\/div>\n\t\t\t\t<\/div>\n\t\t\t\t\t<\/div>\n\t\t<\/div>\n\t\t\t\t<div class=\"elementor-column elementor-col-50 elementor-inner-column elementor-element elementor-element-40cdb7c7\" data-id=\"40cdb7c7\" data-element_type=\"column\" data-e-type=\"column\">\n\t\t\t<div class=\"elementor-widget-wrap elementor-element-populated\">\n\t\t\t\t\t\t<div class=\"elementor-element elementor-element-3226885b elementor-widget elementor-widget-image\" data-id=\"3226885b\" data-element_type=\"widget\" data-e-type=\"widget\" data-widget_type=\"image.default\">\n\t\t\t\t<div class=\"elementor-widget-container\">\n\t\t\t\t\t\t\t\t\t\t\t\t\t\t\t<img fetchpriority=\"high\" decoding=\"async\" width=\"1200\" height=\"630\" src=\"https:\/\/www.wildix.com\/wp-content\/uploads\/2023\/08\/Wildix-Announces-Support-for-New-Apple-Vision-Pro-VR.jpg\" class=\"attachment-full size-full wp-image-8048452\" alt=\"Wildix Announces Support\" srcset=\"https:\/\/www.wildix.com\/wp-content\/uploads\/2023\/08\/Wildix-Announces-Support-for-New-Apple-Vision-Pro-VR.jpg 1200w, https:\/\/www.wildix.com\/wp-content\/uploads\/2023\/08\/Wildix-Announces-Support-for-New-Apple-Vision-Pro-VR-300x158.jpg 300w, https:\/\/www.wildix.com\/wp-content\/uploads\/2023\/08\/Wildix-Announces-Support-for-New-Apple-Vision-Pro-VR-1024x538.jpg 1024w, https:\/\/www.wildix.com\/wp-content\/uploads\/2023\/08\/Wildix-Announces-Support-for-New-Apple-Vision-Pro-VR-768x403.jpg 768w\" sizes=\"(max-width: 1200px) 100vw, 1200px\" \/>\t\t\t\t\t\t\t\t\t\t\t\t\t\t\t<\/div>\n\t\t\t\t<\/div>\n\t\t\t\t\t<\/div>\n\t\t<\/div>\n\t\t\t\t\t<\/div>\n\t\t<\/section>\n\t\t\t\t<section class=\"elementor-section elementor-inner-section elementor-element elementor-element-70c0fb50 elementor-section-boxed elementor-section-height-default elementor-section-height-default\" data-id=\"70c0fb50\" data-element_type=\"section\" data-e-type=\"section\" data-settings=\"{&quot;jet_parallax_layout_list&quot;:[]}\">\n\t\t\t\t\t\t<div class=\"elementor-container elementor-column-gap-default\">\n\t\t\t\t\t<div class=\"elementor-column elementor-col-100 elementor-inner-column elementor-element elementor-element-69ab6272\" data-id=\"69ab6272\" data-element_type=\"column\" data-e-type=\"column\">\n\t\t\t<div class=\"elementor-widget-wrap elementor-element-populated\">\n\t\t\t\t\t\t<div class=\"elementor-element elementor-element-33bb0c7c testimonials-block elementor-widget elementor-widget-testimonial\" data-id=\"33bb0c7c\" data-element_type=\"widget\" data-e-type=\"widget\" data-widget_type=\"testimonial.default\">\n\t\t\t\t<div class=\"elementor-widget-container\">\n\t\t\t\t\t\t\t<div class=\"elementor-testimonial-wrapper\">\n\t\t\t\t\t\t\t<div class=\"elementor-testimonial-content\">\u00ab Cela montre comment un d\u00e9veloppement peut s\u2019effectuer de mani\u00e8re efficace au sein de petites \u00e9quipes d\u00e9di\u00e9es \u00e0 un objectif \u00bb nous dit Dimitri Osler, Fondateur et CTO de Wildix. \u00ab Tout comme avec le WebRTC, nous pouvons voir le potentiel de cette technologie, et nous sommes fiers d\u2019\u00eatre les premiers \u00e0 l\u2019avoir cr\u00e9\u00e9e. \u00bb<\/div>\n\t\t\t\n\t\t\t\t\t\t<div class=\"elementor-testimonial-meta elementor-has-image elementor-testimonial-image-position-aside\">\n\t\t\t\t<div class=\"elementor-testimonial-meta-inner\">\n\t\t\t\t\t\t\t\t\t\t\t<div class=\"elementor-testimonial-image\">\n\t\t\t\t\t\t\t<img decoding=\"async\" width=\"150\" height=\"150\" src=\"https:\/\/www.wildix.com\/wp-content\/uploads\/2022\/07\/dimitri-osler-150x150.jpg\" class=\"attachment-thumbnail size-thumbnail wp-image-7966305\" alt=\"Dimitri Osler\" \/>\t\t\t\t\t\t<\/div>\n\t\t\t\t\t\n\t\t\t\t\t\t\t\t\t\t<div class=\"elementor-testimonial-details\">\n\t\t\t\t\t\t\t\t\t\t\t\t\t\t<div class=\"elementor-testimonial-name\">Dimitri Osler,<\/div>\n\t\t\t\t\t\t\t\t\t\t\t\t\t\t\t\t\t\t\t\t\t\t<div class=\"elementor-testimonial-job\">Fondateur et CTO de Wildix<\/div>\n\t\t\t\t\t\t\t\t\t\t\t\t\t<\/div>\n\t\t\t\t\t\t\t\t\t<\/div>\n\t\t\t<\/div>\n\t\t\t\t\t<\/div>\n\t\t\t\t\t\t<\/div>\n\t\t\t\t<\/div>\n\t\t\t\t\t<\/div>\n\t\t<\/div>\n\t\t\t\t\t<\/div>\n\t\t<\/section>\n\t\t\t\t<div class=\"elementor-element elementor-element-54598d83 elementor-widget elementor-widget-text-editor\" data-id=\"54598d83\" data-element_type=\"widget\" data-e-type=\"widget\" data-widget_type=\"text-editor.default\">\n\t\t\t\t<div class=\"elementor-widget-container\">\n\t\t\t\t\t\t\t\t\tAlors que le casque sera mis en vente d\u00e9but 2024, les d\u00e9veloppeurs ont d\u00e9j\u00e0 acc\u00e8s \u00e0 des kits de d\u00e9veloppement de logiciel, ce qui leur permet de fournir des applications avant la date de sortie du produit. La solution est int\u00e9gr\u00e9e sur la plateforme Collaboration Wildix et sur la plus r\u00e9cente plateforme x-bees orient\u00e9e sur les ventes. \t\t\t\t\t\t\t\t<\/div>\n\t\t\t\t<\/div>\n\t\t\t\t<section class=\"elementor-section elementor-inner-section elementor-element elementor-element-9527221 elementor-section-boxed elementor-section-height-default elementor-section-height-default\" data-id=\"9527221\" data-element_type=\"section\" data-e-type=\"section\" data-settings=\"{&quot;jet_parallax_layout_list&quot;:[]}\">\n\t\t\t\t\t\t<div class=\"elementor-container elementor-column-gap-default\">\n\t\t\t\t\t<div class=\"elementor-column elementor-col-100 elementor-inner-column elementor-element elementor-element-25b7c5b\" data-id=\"25b7c5b\" data-element_type=\"column\" data-e-type=\"column\">\n\t\t\t<div class=\"elementor-widget-wrap elementor-element-populated\">\n\t\t\t\t\t\t<div class=\"elementor-element elementor-element-ee8dd6b testimonials-block elementor-widget elementor-widget-testimonial\" data-id=\"ee8dd6b\" data-element_type=\"widget\" data-e-type=\"widget\" data-widget_type=\"testimonial.default\">\n\t\t\t\t<div class=\"elementor-widget-container\">\n\t\t\t\t\t\t\t<div class=\"elementor-testimonial-wrapper\">\n\t\t\t\t\t\t\t<div class=\"elementor-testimonial-content\">\u00ab Imaginez que vous ayez la possibilit\u00e9 de marcher virtuellement dans une salle o\u00f9 vous pouvez voir tout le monde \u00bb dit Elena Kornilova, Product Marketing Manager chez Wildix. \u00ab Alors que cette technologie nous permet pour l\u2019instant de nous voir face \u00e0 face \u00e0 travers les webcams avec un arri\u00e8re-plan virtuel, nous pourrions bient\u00f4t transformer cela en une salle de r\u00e9union enti\u00e8rement virtuelle -  en facilitant m\u00eame la cr\u00e9ation d\u2019une solution de travail hybride efficace. \u00bb<\/div>\n\t\t\t\n\t\t\t\t\t\t<div class=\"elementor-testimonial-meta elementor-has-image elementor-testimonial-image-position-aside\">\n\t\t\t\t<div class=\"elementor-testimonial-meta-inner\">\n\t\t\t\t\t\t\t\t\t\t\t<div class=\"elementor-testimonial-image\">\n\t\t\t\t\t\t\t<img decoding=\"async\" width=\"150\" height=\"150\" src=\"https:\/\/www.wildix.com\/wp-content\/uploads\/2022\/12\/Elena-Kornilova-Product-Marketing-Manager-at-Wildix-150x150.jpg\" class=\"attachment-thumbnail size-thumbnail wp-image-7998596\" alt=\"Elena Kornilova, Product Marketing Manager at Wildix\" srcset=\"https:\/\/www.wildix.com\/wp-content\/uploads\/2022\/12\/Elena-Kornilova-Product-Marketing-Manager-at-Wildix-150x150.jpg 150w, https:\/\/www.wildix.com\/wp-content\/uploads\/2022\/12\/Elena-Kornilova-Product-Marketing-Manager-at-Wildix-300x300.jpg 300w, https:\/\/www.wildix.com\/wp-content\/uploads\/2022\/12\/Elena-Kornilova-Product-Marketing-Manager-at-Wildix.jpg 500w\" sizes=\"(max-width: 150px) 100vw, 150px\" \/>\t\t\t\t\t\t<\/div>\n\t\t\t\t\t\n\t\t\t\t\t\t\t\t\t\t<div class=\"elementor-testimonial-details\">\n\t\t\t\t\t\t\t\t\t\t\t\t\t\t<div class=\"elementor-testimonial-name\">Elena Kornilova,<\/div>\n\t\t\t\t\t\t\t\t\t\t\t\t\t\t\t\t\t\t\t\t\t\t<div class=\"elementor-testimonial-job\">Product Marketing Manager chez Wildix<\/div>\n\t\t\t\t\t\t\t\t\t\t\t\t\t<\/div>\n\t\t\t\t\t\t\t\t\t<\/div>\n\t\t\t<\/div>\n\t\t\t\t\t<\/div>\n\t\t\t\t\t\t<\/div>\n\t\t\t\t<\/div>\n\t\t\t\t<div class=\"elementor-element elementor-element-5524a841 elementor-widget elementor-widget-text-editor\" data-id=\"5524a841\" data-element_type=\"widget\" data-e-type=\"widget\" data-widget_type=\"text-editor.default\">\n\t\t\t\t<div class=\"elementor-widget-container\">\n\t\t\t\t\t\t\t\t\tPour le moment, la solution est concentr\u00e9e en premier lieu sur le fait de fournir l\u2019interface avec un affichage frontal mais il est pr\u00e9vu de fournir bien plus de fonctionnalit\u00e9s. \t\t\t\t\t\t\t\t<\/div>\n\t\t\t\t<\/div>\n\t\t\t\t\t<\/div>\n\t\t<\/div>\n\t\t\t\t\t<\/div>\n\t\t<\/section>\n\t\t\t\t<section class=\"elementor-section elementor-inner-section elementor-element elementor-element-379ae6e3 elementor-section-boxed elementor-section-height-default elementor-section-height-default\" data-id=\"379ae6e3\" data-element_type=\"section\" data-e-type=\"section\" data-settings=\"{&quot;jet_parallax_layout_list&quot;:[]}\">\n\t\t\t\t\t\t<div class=\"elementor-container elementor-column-gap-default\">\n\t\t\t\t\t<div class=\"elementor-column elementor-col-100 elementor-inner-column elementor-element elementor-element-5110653f\" data-id=\"5110653f\" data-element_type=\"column\" data-e-type=\"column\">\n\t\t\t<div class=\"elementor-widget-wrap elementor-element-populated\">\n\t\t\t\t\t\t<div class=\"elementor-element elementor-element-7a0fc216 testimonials-block elementor-widget elementor-widget-testimonial\" data-id=\"7a0fc216\" data-element_type=\"widget\" data-e-type=\"widget\" data-widget_type=\"testimonial.default\">\n\t\t\t\t<div class=\"elementor-widget-container\">\n\t\t\t\t\t\t\t<div class=\"elementor-testimonial-wrapper\">\n\t\t\t\t\t\t\t<div class=\"elementor-testimonial-content\">\u00ab Les possibilit\u00e9s de d\u00e9veloppement pourraient s\u2019av\u00e9rer extr\u00eamement attractives pour les entreprises \u00bb nous dit Emiliano Tomasoni, CMO de Wildix. \u00ab Un espace de bureau pourrait ne plus \u00eatre n\u00e9cessaire et cela pourrait permettre de se rendre dans un bureau virtuel peu importe o\u00f9 l\u2019on vit. Cela pourrait \u00eatre tr\u00e8s utile \u00e0 tout le monde, des docteurs et th\u00e9rapistes aux m\u00e9diateurs, leur permettant une customisation de leur salle qui irait bien au-del\u00e0 de ce que les appels Zoom ou Teams peuvent proposer. C\u2019est l\u00e0 que se trouve la technologie. \u00bb<\/div>\n\t\t\t\n\t\t\t\t\t\t<div class=\"elementor-testimonial-meta elementor-has-image elementor-testimonial-image-position-aside\">\n\t\t\t\t<div class=\"elementor-testimonial-meta-inner\">\n\t\t\t\t\t\t\t\t\t\t\t<div class=\"elementor-testimonial-image\">\n\t\t\t\t\t\t\t<img loading=\"lazy\" decoding=\"async\" width=\"150\" height=\"150\" src=\"https:\/\/www.wildix.com\/wp-content\/uploads\/2021\/03\/emiliano-tomasoni-smo-at-wildix-150x150.jpeg\" class=\"attachment-thumbnail size-thumbnail wp-image-7869499\" alt=\"Emiliano Tomasoni\" srcset=\"https:\/\/www.wildix.com\/wp-content\/uploads\/2021\/03\/emiliano-tomasoni-smo-at-wildix-150x150.jpeg 150w, https:\/\/www.wildix.com\/wp-content\/uploads\/2021\/03\/emiliano-tomasoni-smo-at-wildix-300x300.jpeg 300w, https:\/\/www.wildix.com\/wp-content\/uploads\/2021\/03\/emiliano-tomasoni-smo-at-wildix.jpeg 428w\" sizes=\"(max-width: 150px) 100vw, 150px\" \/>\t\t\t\t\t\t<\/div>\n\t\t\t\t\t\n\t\t\t\t\t\t\t\t\t\t<div class=\"elementor-testimonial-details\">\n\t\t\t\t\t\t\t\t\t\t\t\t\t\t<div class=\"elementor-testimonial-name\"> Emiliano Tomasoni,<\/div>\n\t\t\t\t\t\t\t\t\t\t\t\t\t\t\t\t\t\t\t\t\t\t<div class=\"elementor-testimonial-job\">CMO de Wildix<\/div>\n\t\t\t\t\t\t\t\t\t\t\t\t\t<\/div>\n\t\t\t\t\t\t\t\t\t<\/div>\n\t\t\t<\/div>\n\t\t\t\t\t<\/div>\n\t\t\t\t\t\t<\/div>\n\t\t\t\t<\/div>\n\t\t\t\t\t<\/div>\n\t\t<\/div>\n\t\t\t\t\t<\/div>\n\t\t<\/section>\n\t\t\t\t<div class=\"elementor-element elementor-element-31425c0 elementor-widget elementor-widget-text-editor\" data-id=\"31425c0\" data-element_type=\"widget\" data-e-type=\"widget\" data-widget_type=\"text-editor.default\">\n\t\t\t\t<div class=\"elementor-widget-container\">\n\t\t\t\t\t\t\t\t\tCette int\u00e9gration est d\u00e9sormais disponible pour tous les outils Wildix. Pour discuter des solutions \u00e0 l\u2019un de nos commerciaux Wildix, cliquez sur ce <a title=\"Cr\u00e9ez de nouvelles opportunit\u00e9s de croissance - R\u00e9servez une d\u00e9mo d\u00e8s aujourd'hui\" href=\"https:\/\/www.wildix.com\/fr\/try\/\" target=\"_self\" rel=\"noopener\">lien<\/a>.\t\t\t\t\t\t\t\t<\/div>\n\t\t\t\t<\/div>\n\t\t\t\t<div class=\"elementor-element elementor-element-ed9212b gallery-spacing-custom elementor-widget elementor-widget-image-gallery\" data-id=\"ed9212b\" data-element_type=\"widget\" data-e-type=\"widget\" data-widget_type=\"image-gallery.default\">\n\t\t\t\t<div class=\"elementor-widget-container\">\n\t\t\t\t\t\t\t<div class=\"elementor-image-gallery\">\n\t\t\t<div id='gallery-1' class='gallery galleryid-8048692 gallery-columns-3 gallery-size-internal-gallery'><figure class='gallery-item'>\n\t\t\t<div class='gallery-icon landscape'>\n\t\t\t\t<a data-elementor-open-lightbox=\"yes\" data-elementor-lightbox-slideshow=\"ed9212b\" data-elementor-lightbox-title=\"Wildix Announces Support for New Apple Vision Pro VR 1\" data-e-action-hash=\"#elementor-action%3Aaction%3Dlightbox%26settings%3DeyJpZCI6ODA0ODQ2MywidXJsIjoiaHR0cHM6XC9cL3d3dy53aWxkaXguY29tXC93cC1jb250ZW50XC91cGxvYWRzXC8yMDIzXC8wOFwvV2lsZGl4LUFubm91bmNlcy1TdXBwb3J0LWZvci1OZXctQXBwbGUtVmlzaW9uLVByby1WUi0xLndlYnAiLCJzbGlkZXNob3ciOiJlZDkyMTJiIn0%3D\" href='https:\/\/www.wildix.com\/wp-content\/uploads\/2023\/08\/Wildix-Announces-Support-for-New-Apple-Vision-Pro-VR-1.webp'><img loading=\"lazy\" width=\"270\" height=\"310\" src=\"https:\/\/www.wildix.com\/wp-content\/uploads\/2023\/08\/Wildix-Announces-Support-for-New-Apple-Vision-Pro-VR-1-270x310.webp\" class=\"attachment-internal-gallery size-internal-gallery\" alt=\"Wildix Announces Support for New Apple Vision Pro VR\" decoding=\"async\" \/><\/a>\n\t\t\t<\/div><\/figure><figure class='gallery-item'>\n\t\t\t<div class='gallery-icon landscape'>\n\t\t\t\t<a data-elementor-open-lightbox=\"yes\" data-elementor-lightbox-slideshow=\"ed9212b\" data-elementor-lightbox-title=\"Wildix Announces Support for New Apple Vision Pro VR 2\" data-e-action-hash=\"#elementor-action%3Aaction%3Dlightbox%26settings%3DeyJpZCI6ODA0ODQ3MCwidXJsIjoiaHR0cHM6XC9cL3d3dy53aWxkaXguY29tXC93cC1jb250ZW50XC91cGxvYWRzXC8yMDIzXC8wOFwvV2lsZGl4LUFubm91bmNlcy1TdXBwb3J0LWZvci1OZXctQXBwbGUtVmlzaW9uLVByby1WUi0yLndlYnAiLCJzbGlkZXNob3ciOiJlZDkyMTJiIn0%3D\" href='https:\/\/www.wildix.com\/wp-content\/uploads\/2023\/08\/Wildix-Announces-Support-for-New-Apple-Vision-Pro-VR-2.webp'><img loading=\"lazy\" width=\"270\" height=\"310\" src=\"https:\/\/www.wildix.com\/wp-content\/uploads\/2023\/08\/Wildix-Announces-Support-for-New-Apple-Vision-Pro-VR-2-270x310.webp\" class=\"attachment-internal-gallery size-internal-gallery\" alt=\"Wildix Announces Support for New Apple Vision Pro VR\" decoding=\"async\" \/><\/a>\n\t\t\t<\/div><\/figure><figure class='gallery-item'>\n\t\t\t<div class='gallery-icon landscape'>\n\t\t\t\t<a data-elementor-open-lightbox=\"yes\" data-elementor-lightbox-slideshow=\"ed9212b\" data-elementor-lightbox-title=\"Wildix Announces Support for New Apple Vision Pro VR 3\" data-e-action-hash=\"#elementor-action%3Aaction%3Dlightbox%26settings%3DeyJpZCI6ODA0ODQ3NywidXJsIjoiaHR0cHM6XC9cL3d3dy53aWxkaXguY29tXC93cC1jb250ZW50XC91cGxvYWRzXC8yMDIzXC8wOFwvV2lsZGl4LUFubm91bmNlcy1TdXBwb3J0LWZvci1OZXctQXBwbGUtVmlzaW9uLVByby1WUi0zLndlYnAiLCJzbGlkZXNob3ciOiJlZDkyMTJiIn0%3D\" href='https:\/\/www.wildix.com\/wp-content\/uploads\/2023\/08\/Wildix-Announces-Support-for-New-Apple-Vision-Pro-VR-3.webp'><img loading=\"lazy\" width=\"270\" height=\"310\" src=\"https:\/\/www.wildix.com\/wp-content\/uploads\/2023\/08\/Wildix-Announces-Support-for-New-Apple-Vision-Pro-VR-3-270x310.webp\" class=\"attachment-internal-gallery size-internal-gallery\" alt=\"Wildix Announces Support for New Apple Vision Pro VR\" decoding=\"async\" \/><\/a>\n\t\t\t<\/div><\/figure><figure class='gallery-item'>\n\t\t\t<div class='gallery-icon landscape'>\n\t\t\t\t<a data-elementor-open-lightbox=\"yes\" data-elementor-lightbox-slideshow=\"ed9212b\" data-elementor-lightbox-title=\"Wildix Announces Support for New Apple Vision Pro VR 4\" data-e-action-hash=\"#elementor-action%3Aaction%3Dlightbox%26settings%3DeyJpZCI6ODA0ODQ4NCwidXJsIjoiaHR0cHM6XC9cL3d3dy53aWxkaXguY29tXC93cC1jb250ZW50XC91cGxvYWRzXC8yMDIzXC8wOFwvV2lsZGl4LUFubm91bmNlcy1TdXBwb3J0LWZvci1OZXctQXBwbGUtVmlzaW9uLVByby1WUi00LndlYnAiLCJzbGlkZXNob3ciOiJlZDkyMTJiIn0%3D\" href='https:\/\/www.wildix.com\/wp-content\/uploads\/2023\/08\/Wildix-Announces-Support-for-New-Apple-Vision-Pro-VR-4.webp'><img loading=\"lazy\" width=\"270\" height=\"310\" src=\"https:\/\/www.wildix.com\/wp-content\/uploads\/2023\/08\/Wildix-Announces-Support-for-New-Apple-Vision-Pro-VR-4-270x310.webp\" class=\"attachment-internal-gallery size-internal-gallery\" alt=\"Wildix Announces Support for New Apple Vision Pro VR\" decoding=\"async\" \/><\/a>\n\t\t\t<\/div><\/figure><figure class='gallery-item'>\n\t\t\t<div class='gallery-icon landscape'>\n\t\t\t\t<a data-elementor-open-lightbox=\"yes\" data-elementor-lightbox-slideshow=\"ed9212b\" data-elementor-lightbox-title=\"Wildix Announces Support for New Apple Vision Pro VR 5\" data-e-action-hash=\"#elementor-action%3Aaction%3Dlightbox%26settings%3DeyJpZCI6ODA0ODQ5MSwidXJsIjoiaHR0cHM6XC9cL3d3dy53aWxkaXguY29tXC93cC1jb250ZW50XC91cGxvYWRzXC8yMDIzXC8wOFwvV2lsZGl4LUFubm91bmNlcy1TdXBwb3J0LWZvci1OZXctQXBwbGUtVmlzaW9uLVByby1WUi01LndlYnAiLCJzbGlkZXNob3ciOiJlZDkyMTJiIn0%3D\" href='https:\/\/www.wildix.com\/wp-content\/uploads\/2023\/08\/Wildix-Announces-Support-for-New-Apple-Vision-Pro-VR-5.webp'><img loading=\"lazy\" width=\"270\" height=\"310\" src=\"https:\/\/www.wildix.com\/wp-content\/uploads\/2023\/08\/Wildix-Announces-Support-for-New-Apple-Vision-Pro-VR-5-270x310.webp\" class=\"attachment-internal-gallery size-internal-gallery\" alt=\"Wildix Announces Support for New Apple Vision Pro VR\" decoding=\"async\" \/><\/a>\n\t\t\t<\/div><\/figure><figure class='gallery-item'>\n\t\t\t<div class='gallery-icon landscape'>\n\t\t\t\t<a data-elementor-open-lightbox=\"yes\" data-elementor-lightbox-slideshow=\"ed9212b\" data-elementor-lightbox-title=\"Wildix Announces Support for New Apple Vision Pro VR 6\" data-e-action-hash=\"#elementor-action%3Aaction%3Dlightbox%26settings%3DeyJpZCI6ODA0ODQ5OCwidXJsIjoiaHR0cHM6XC9cL3d3dy53aWxkaXguY29tXC93cC1jb250ZW50XC91cGxvYWRzXC8yMDIzXC8wOFwvV2lsZGl4LUFubm91bmNlcy1TdXBwb3J0LWZvci1OZXctQXBwbGUtVmlzaW9uLVByby1WUi02LndlYnAiLCJzbGlkZXNob3ciOiJlZDkyMTJiIn0%3D\" href='https:\/\/www.wildix.com\/wp-content\/uploads\/2023\/08\/Wildix-Announces-Support-for-New-Apple-Vision-Pro-VR-6.webp'><img loading=\"lazy\" width=\"270\" height=\"310\" src=\"https:\/\/www.wildix.com\/wp-content\/uploads\/2023\/08\/Wildix-Announces-Support-for-New-Apple-Vision-Pro-VR-6-270x310.webp\" class=\"attachment-internal-gallery size-internal-gallery\" alt=\"Wildix Announces Support for New Apple Vision Pro VR\" decoding=\"async\" \/><\/a>\n\t\t\t<\/div><\/figure>\n\t\t<\/div>\n\t\t<\/div>\n\t\t\t\t\t\t<\/div>\n\t\t\t\t<\/div>\n\t\t\t\t\t<\/div>\n\t\t<\/div>\n\t\t\t\t\t<\/div>\n\t\t<\/section>\n\t\t\t\t<\/div>\n\t\t","protected":false},"excerpt":{"rendered":"<p>Communiqu\u00e9 de Presse 31 Ao\u00fbt 2023 \u2014 Tallinn, Estonie \u2014 Wildix est ravi de vous annoncer que nous avons d\u00e9velopp\u00e9 la premi\u00e8re solution de communications unifi\u00e9es compatible avec le casque Apple Vision Pro. Cette nouvelle arrive seulement trois mois apr\u00e8s l\u2019annonce de la sortie du casque de r\u00e9alit\u00e9 virtuelle. Cette int\u00e9gration signifie une compatibilit\u00e9 compl\u00e8te [&hellip;]<\/p>\n","protected":false},"author":5,"featured_media":8048452,"parent":0,"comment_status":"closed","ping_status":"closed","sticky":false,"template":"","format":"standard","meta":{"_acf_changed":false,"site-sidebar-layout":"default","site-content-layout":"","ast-site-content-layout":"default","site-content-style":"default","site-sidebar-style":"default","ast-global-header-display":"","ast-banner-title-visibility":"","ast-main-header-display":"","ast-hfb-above-header-display":"","ast-hfb-below-header-display":"","ast-hfb-mobile-header-display":"","site-post-title":"","ast-breadcrumbs-content":"","ast-featured-img":"","footer-sml-layout":"","ast-disable-related-posts":"","theme-transparent-header-meta":"","adv-header-id-meta":"","stick-header-meta":"","header-above-stick-meta":"","header-main-stick-meta":"","header-below-stick-meta":"","astra-migrate-meta-layouts":"set","ast-page-background-enabled":"default","ast-page-background-meta":{"desktop":{"background-color":"var(--ast-global-color-4)","background-image":"","background-repeat":"repeat","background-position":"center center","background-size":"auto","background-attachment":"scroll","background-type":"","background-media":"","overlay-type":"","overlay-color":"","overlay-opacity":"","overlay-gradient":""},"tablet":{"background-color":"","background-image":"","background-repeat":"repeat","background-position":"center center","background-size":"auto","background-attachment":"scroll","background-type":"","background-media":"","overlay-type":"","overlay-color":"","overlay-opacity":"","overlay-gradient":""},"mobile":{"background-color":"","background-image":"","background-repeat":"repeat","background-position":"center center","background-size":"auto","background-attachment":"scroll","background-type":"","background-media":"","overlay-type":"","overlay-color":"","overlay-opacity":"","overlay-gradient":""}},"ast-content-background-meta":{"desktop":{"background-color":"var(--ast-global-color-5)","background-image":"","background-repeat":"repeat","background-position":"center center","background-size":"auto","background-attachment":"scroll","background-type":"","background-media":"","overlay-type":"","overlay-color":"","overlay-opacity":"","overlay-gradient":""},"tablet":{"background-color":"var(--ast-global-color-5)","background-image":"","background-repeat":"repeat","background-position":"center center","background-size":"auto","background-attachment":"scroll","background-type":"","background-media":"","overlay-type":"","overlay-color":"","overlay-opacity":"","overlay-gradient":""},"mobile":{"background-color":"var(--ast-global-color-5)","background-image":"","background-repeat":"repeat","background-position":"center center","background-size":"auto","background-attachment":"scroll","background-type":"","background-media":"","overlay-type":"","overlay-color":"","overlay-opacity":"","overlay-gradient":""}},"_jet_sm_ready_style":"","_jet_sm_style":"","_jet_sm_controls_values":"","_jet_sm_fonts_collection":"","_jet_sm_fonts_links":"","footnotes":""},"categories":[366],"tags":[],"class_list":["post-8048692","post","type-post","status-publish","format-standard","has-post-thumbnail","hentry","category-news-fra"],"acf":[],"yoast_head":"<!-- This site is optimized with the Yoast SEO plugin v27.4 - https:\/\/yoast.com\/product\/yoast-seo-wordpress\/ -->\n<title>Wildix annonce son int\u00e9gration au nouvel Apple Vision Pro VR | Wildix<\/title>\n<meta name=\"description\" content=\"Fid\u00e8le \u00e0 sa r\u00e9putation concernant l\u2019innovation et l\u2019utilisation des nouvelles technologies, Wildix a annonc\u00e9 une int\u00e9gration pour le nouveau casque Apple Vision Pro VR headset\" \/>\n<meta name=\"robots\" content=\"index, follow, max-snippet:-1, max-image-preview:large, max-video-preview:-1\" \/>\n<meta property=\"og:locale\" content=\"fr_FR\" \/>\n<meta property=\"og:type\" content=\"article\" \/>\n<meta property=\"og:title\" content=\"Wildix annonce son int\u00e9gration au nouvel Apple Vision Pro VR | Wildix\" \/>\n<meta property=\"og:description\" content=\"Fid\u00e8le \u00e0 sa r\u00e9putation concernant l\u2019innovation et l\u2019utilisation des nouvelles technologies, Wildix a annonc\u00e9 une int\u00e9gration pour le nouveau casque Apple Vision Pro VR headset\" \/>\n<meta property=\"og:url\" content=\"https:\/\/www.wildix.com\/fr\/wildix-annonce-son-integration-au-apple-vision-pro\/\" \/>\n<meta property=\"og:site_name\" content=\"Wildix\" \/>\n<meta property=\"article:publisher\" content=\"https:\/\/www.facebook.com\/groups\/wildixtechwizards\/?mibextid=6NoCDW\" \/>\n<meta property=\"article:published_time\" content=\"2023-08-30T23:24:17+00:00\" \/>\n<meta property=\"article:modified_time\" content=\"2024-03-19T10:24:52+00:00\" \/>\n<meta property=\"og:image\" content=\"https:\/\/www.wildix.com\/wp-content\/uploads\/2023\/08\/Wildix-Announces-Support-for-New-Apple-Vision-Pro-VR.jpg\" \/>\n\t<meta property=\"og:image:width\" content=\"1200\" \/>\n\t<meta property=\"og:image:height\" content=\"630\" \/>\n\t<meta property=\"og:image:type\" content=\"image\/jpeg\" \/>\n<meta name=\"author\" content=\"Anna Zhuravlyova\" \/>\n<meta name=\"twitter:card\" content=\"summary_large_image\" \/>\n<meta name=\"twitter:image\" content=\"https:\/\/www.wildix.com\/wp-content\/uploads\/2023\/08\/Wildix-Announces-Support-for-New-Apple-Vision-Pro-VR.jpg\" \/>\n<meta name=\"twitter:creator\" content=\"@wildix_\" \/>\n<meta name=\"twitter:site\" content=\"@wildix_\" \/>\n<meta name=\"twitter:label1\" content=\"\u00c9crit par\" \/>\n\t<meta name=\"twitter:data1\" content=\"Anna Zhuravlyova\" \/>\n\t<meta name=\"twitter:label2\" content=\"Dur\u00e9e de lecture estim\u00e9e\" \/>\n\t<meta name=\"twitter:data2\" content=\"5 minutes\" \/>\n<!-- \/ Yoast SEO plugin. -->","yoast_head_json":{"title":"Wildix annonce son int\u00e9gration au nouvel Apple Vision Pro VR | Wildix","description":"Fid\u00e8le \u00e0 sa r\u00e9putation concernant l\u2019innovation et l\u2019utilisation des nouvelles technologies, Wildix a annonc\u00e9 une int\u00e9gration pour le nouveau casque Apple Vision Pro VR headset","robots":{"index":"index","follow":"follow","max-snippet":"max-snippet:-1","max-image-preview":"max-image-preview:large","max-video-preview":"max-video-preview:-1"},"og_locale":"fr_FR","og_type":"article","og_title":"Wildix annonce son int\u00e9gration au nouvel Apple Vision Pro VR | Wildix","og_description":"Fid\u00e8le \u00e0 sa r\u00e9putation concernant l\u2019innovation et l\u2019utilisation des nouvelles technologies, Wildix a annonc\u00e9 une int\u00e9gration pour le nouveau casque Apple Vision Pro VR headset","og_url":"https:\/\/www.wildix.com\/fr\/wildix-annonce-son-integration-au-apple-vision-pro\/","og_site_name":"Wildix","article_publisher":"https:\/\/www.facebook.com\/groups\/wildixtechwizards\/?mibextid=6NoCDW","article_published_time":"2023-08-30T23:24:17+00:00","article_modified_time":"2024-03-19T10:24:52+00:00","og_image":[{"width":1200,"height":630,"url":"https:\/\/www.wildix.com\/wp-content\/uploads\/2023\/08\/Wildix-Announces-Support-for-New-Apple-Vision-Pro-VR.jpg","type":"image\/jpeg"}],"author":"Anna Zhuravlyova","twitter_card":"summary_large_image","twitter_image":"https:\/\/www.wildix.com\/wp-content\/uploads\/2023\/08\/Wildix-Announces-Support-for-New-Apple-Vision-Pro-VR.jpg","twitter_creator":"@wildix_","twitter_site":"@wildix_","twitter_misc":{"\u00c9crit par":"Anna Zhuravlyova","Dur\u00e9e de lecture estim\u00e9e":"5 minutes"},"schema":{"@context":"https:\/\/schema.org","@graph":[{"@type":"Article","@id":"https:\/\/www.wildix.com\/fr\/wildix-annonce-son-integration-au-apple-vision-pro\/#article","isPartOf":{"@id":"https:\/\/www.wildix.com\/fr\/wildix-annonce-son-integration-au-apple-vision-pro\/"},"author":{"name":"Anna Zhuravlyova","@id":"https:\/\/www.wildix.com\/fr\/#\/schema\/person\/0175a2fef22d0be142fea01ed664ae39"},"headline":"Wildix annonce son int\u00e9gration au tout nouvel Apple\u00a0Vision\u00a0Pro\u00a0VR","datePublished":"2023-08-30T23:24:17+00:00","dateModified":"2024-03-19T10:24:52+00:00","mainEntityOfPage":{"@id":"https:\/\/www.wildix.com\/fr\/wildix-annonce-son-integration-au-apple-vision-pro\/"},"wordCount":498,"publisher":{"@id":"https:\/\/www.wildix.com\/fr\/#organization"},"image":{"@id":"https:\/\/www.wildix.com\/fr\/wildix-annonce-son-integration-au-apple-vision-pro\/#primaryimage"},"thumbnailUrl":"https:\/\/www.wildix.com\/wp-content\/uploads\/2023\/08\/Wildix-Announces-Support-for-New-Apple-Vision-Pro-VR.jpg","articleSection":["News FRA"],"inLanguage":"fr-FR"},{"@type":"WebPage","@id":"https:\/\/www.wildix.com\/fr\/wildix-annonce-son-integration-au-apple-vision-pro\/","url":"https:\/\/www.wildix.com\/fr\/wildix-annonce-son-integration-au-apple-vision-pro\/","name":"Wildix annonce son int\u00e9gration au nouvel Apple Vision Pro VR | Wildix","isPartOf":{"@id":"https:\/\/www.wildix.com\/fr\/#website"},"primaryImageOfPage":{"@id":"https:\/\/www.wildix.com\/fr\/wildix-annonce-son-integration-au-apple-vision-pro\/#primaryimage"},"image":{"@id":"https:\/\/www.wildix.com\/fr\/wildix-annonce-son-integration-au-apple-vision-pro\/#primaryimage"},"thumbnailUrl":"https:\/\/www.wildix.com\/wp-content\/uploads\/2023\/08\/Wildix-Announces-Support-for-New-Apple-Vision-Pro-VR.jpg","datePublished":"2023-08-30T23:24:17+00:00","dateModified":"2024-03-19T10:24:52+00:00","description":"Fid\u00e8le \u00e0 sa r\u00e9putation concernant l\u2019innovation et l\u2019utilisation des nouvelles technologies, Wildix a annonc\u00e9 une int\u00e9gration pour le nouveau casque Apple Vision Pro VR headset","breadcrumb":{"@id":"https:\/\/www.wildix.com\/fr\/wildix-annonce-son-integration-au-apple-vision-pro\/#breadcrumb"},"inLanguage":"fr-FR","potentialAction":[{"@type":"ReadAction","target":["https:\/\/www.wildix.com\/fr\/wildix-annonce-son-integration-au-apple-vision-pro\/"]}]},{"@type":"ImageObject","inLanguage":"fr-FR","@id":"https:\/\/www.wildix.com\/fr\/wildix-annonce-son-integration-au-apple-vision-pro\/#primaryimage","url":"https:\/\/www.wildix.com\/wp-content\/uploads\/2023\/08\/Wildix-Announces-Support-for-New-Apple-Vision-Pro-VR.jpg","contentUrl":"https:\/\/www.wildix.com\/wp-content\/uploads\/2023\/08\/Wildix-Announces-Support-for-New-Apple-Vision-Pro-VR.jpg","width":1200,"height":630,"caption":"Wildix Announces Support"},{"@type":"BreadcrumbList","@id":"https:\/\/www.wildix.com\/fr\/wildix-annonce-son-integration-au-apple-vision-pro\/#breadcrumb","itemListElement":[{"@type":"ListItem","position":1,"name":"Home","item":"https:\/\/www.wildix.com\/fr\/home-copy\/"},{"@type":"ListItem","position":2,"name":"Wildix annonce son int\u00e9gration au tout nouvel Apple\u00a0Vision\u00a0Pro\u00a0VR"}]},{"@type":"WebSite","@id":"https:\/\/www.wildix.com\/fr\/#website","url":"https:\/\/www.wildix.com\/fr\/","name":"Wildix","description":"","publisher":{"@id":"https:\/\/www.wildix.com\/fr\/#organization"},"potentialAction":[{"@type":"SearchAction","target":{"@type":"EntryPoint","urlTemplate":"https:\/\/www.wildix.com\/fr\/?s={search_term_string}"},"query-input":{"@type":"PropertyValueSpecification","valueRequired":true,"valueName":"search_term_string"}}],"inLanguage":"fr-FR"},{"@type":"Organization","@id":"https:\/\/www.wildix.com\/fr\/#organization","name":"Wildix","url":"https:\/\/www.wildix.com\/fr\/","logo":{"@type":"ImageObject","inLanguage":"fr-FR","@id":"https:\/\/www.wildix.com\/fr\/#\/schema\/logo\/image\/","url":"https:\/\/www.wildix.com\/wp-content\/uploads\/2021\/09\/logo-1.svg","contentUrl":"https:\/\/www.wildix.com\/wp-content\/uploads\/2021\/09\/logo-1.svg","caption":"Wildix"},"image":{"@id":"https:\/\/www.wildix.com\/fr\/#\/schema\/logo\/image\/"},"sameAs":["https:\/\/www.facebook.com\/groups\/wildixtechwizards\/?mibextid=6NoCDW","https:\/\/x.com\/wildix_"]},{"@type":"Person","@id":"https:\/\/www.wildix.com\/fr\/#\/schema\/person\/0175a2fef22d0be142fea01ed664ae39","name":"Anna Zhuravlyova","image":{"@type":"ImageObject","inLanguage":"fr-FR","@id":"https:\/\/secure.gravatar.com\/avatar\/cee65f8562e3ebd0a8e0b4431cfbd47801051b1e68ad6ab1ecff983d85f48715?s=96&d=mm&r=g","url":"https:\/\/secure.gravatar.com\/avatar\/cee65f8562e3ebd0a8e0b4431cfbd47801051b1e68ad6ab1ecff983d85f48715?s=96&d=mm&r=g","contentUrl":"https:\/\/secure.gravatar.com\/avatar\/cee65f8562e3ebd0a8e0b4431cfbd47801051b1e68ad6ab1ecff983d85f48715?s=96&d=mm&r=g","caption":"Anna Zhuravlyova"},"url":"https:\/\/www.wildix.com\/fr\/author\/anna-zhuravlyovawildix-com\/"}]}},"clean_content":"Communiqu\u00e9 de Presse 31 Ao\u00fbt 2023 \u2014 Tallinn, Estonie \u2014 Wildix est ravi de vous annoncer que nous avons d\u00e9velopp\u00e9 la premi\u00e8re solution de communications unifi\u00e9es compatible avec le casque Apple Vision Pro. Cette nouvelle arrive seulement trois mois apr\u00e8s l\u2019annonce de la sortie du casque de r\u00e9alit\u00e9 virtuelle. Cette int\u00e9gration signifie une compatibilit\u00e9 compl\u00e8te avec le logiciel du casque, permettant aux utilisateurs de participer activement aux r\u00e9unions, aux chats et aux appels t\u00e9l\u00e9phoniques en r\u00e9alit\u00e9 virtuelle. Il s\u2019agit du pr\u00e9curseur des salles de r\u00e9unions virtuelles enti\u00e8rement d\u00e9velopp\u00e9es et accessibles n\u2019importe o\u00f9 dans le monde. \u00ab Cela montre comment un d\u00e9veloppement peut s\u2019effectuer de mani\u00e8re efficace au sein de petites \u00e9quipes d\u00e9di\u00e9es \u00e0 un objectif \u00bb nous dit Dimitri Osler, Fondateur et CTO de Wildix. \u00ab Tout comme avec le WebRTC, nous pouvons voir le potentiel de cette technologie, et nous sommes fiers d\u2019\u00eatre les premiers \u00e0 l\u2019avoir cr\u00e9\u00e9e. \u00bb Dimitri Osler, Fondateur et CTO de Wildix Alors que le casque sera mis en vente d\u00e9but 2024, les d\u00e9veloppeurs ont d\u00e9j\u00e0 acc\u00e8s \u00e0 des kits de d\u00e9veloppement de logiciel, ce qui leur permet de fournir des applications avant la date de sortie du produit. La solution est int\u00e9gr\u00e9e sur la plateforme Collaboration Wildix et sur la plus r\u00e9cente plateforme x-bees orient\u00e9e sur les ventes. \u00ab Imaginez que vous ayez la possibilit\u00e9 de marcher virtuellement dans une salle o\u00f9 vous pouvez voir tout le monde \u00bb dit Elena Kornilova, Product Marketing Manager chez Wildix. \u00ab Alors que cette technologie nous permet pour l\u2019instant de nous voir face \u00e0 face \u00e0 travers les webcams avec un arri\u00e8re-plan virtuel, nous pourrions bient\u00f4t transformer cela en une salle de r\u00e9union enti\u00e8rement virtuelle - en facilitant m\u00eame la cr\u00e9ation d\u2019une solution de travail hybride efficace. \u00bb Elena Kornilova, Product Marketing Manager chez Wildix Pour le moment, la solution est concentr\u00e9e en premier lieu sur le fait de fournir l\u2019interface avec un affichage frontal mais il est pr\u00e9vu de fournir bien plus de fonctionnalit\u00e9s. \u00ab Les possibilit\u00e9s de d\u00e9veloppement pourraient s\u2019av\u00e9rer extr\u00eamement attractives pour les entreprises \u00bb nous dit Emiliano Tomasoni, CMO de Wildix. \u00ab Un espace de bureau pourrait ne plus \u00eatre n\u00e9cessaire et cela pourrait permettre de se rendre dans un bureau virtuel peu importe o\u00f9 l\u2019on vit. Cela pourrait \u00eatre tr\u00e8s utile \u00e0 tout le monde, des docteurs et th\u00e9rapistes aux m\u00e9diateurs, leur permettant une customisation de leur salle qui irait bien au-del\u00e0 de ce que les appels Zoom ou Teams peuvent proposer. C\u2019est l\u00e0 que se trouve la technologie. \u00bb Emiliano Tomasoni, CMO de Wildix Cette int\u00e9gration est d\u00e9sormais disponible pour tous les outils Wildix. Pour discuter des solutions \u00e0 l\u2019un de nos commerciaux Wildix, cliquez sur ce lien.","clean_excerpt":"Communiqu\u00e9 de Presse 31 Ao\u00fbt 2023 \u2014 Tallinn, Estonie \u2014 Wildix est ravi de vous annoncer que nous avons d\u00e9velopp\u00e9 la premi\u00e8re solution de communications unifi\u00e9es compatible avec le casque Apple Vision Pro. Cette nouvelle arrive seulement trois mois apr\u00e8s l\u2019annonce de la sortie du casque de r\u00e9alit\u00e9 virtuelle. Cette int\u00e9gration signifie une compatibilit\u00e9 compl\u00e8te...","_links":{"self":[{"href":"https:\/\/www.wildix.com\/fr\/wp-json\/wp\/v2\/posts\/8048692","targetHints":{"allow":["GET"]}}],"collection":[{"href":"https:\/\/www.wildix.com\/fr\/wp-json\/wp\/v2\/posts"}],"about":[{"href":"https:\/\/www.wildix.com\/fr\/wp-json\/wp\/v2\/types\/post"}],"author":[{"embeddable":true,"href":"https:\/\/www.wildix.com\/fr\/wp-json\/wp\/v2\/users\/5"}],"replies":[{"embeddable":true,"href":"https:\/\/www.wildix.com\/fr\/wp-json\/wp\/v2\/comments?post=8048692"}],"version-history":[{"count":3,"href":"https:\/\/www.wildix.com\/fr\/wp-json\/wp\/v2\/posts\/8048692\/revisions"}],"predecessor-version":[{"id":8079024,"href":"https:\/\/www.wildix.com\/fr\/wp-json\/wp\/v2\/posts\/8048692\/revisions\/8079024"}],"wp:featuredmedia":[{"embeddable":true,"href":"https:\/\/www.wildix.com\/fr\/wp-json\/wp\/v2\/media\/8048452"}],"wp:attachment":[{"href":"https:\/\/www.wildix.com\/fr\/wp-json\/wp\/v2\/media?parent=8048692"}],"wp:term":[{"taxonomy":"category","embeddable":true,"href":"https:\/\/www.wildix.com\/fr\/wp-json\/wp\/v2\/categories?post=8048692"},{"taxonomy":"post_tag","embeddable":true,"href":"https:\/\/www.wildix.com\/fr\/wp-json\/wp\/v2\/tags?post=8048692"}],"curies":[{"name":"wp","href":"https:\/\/api.w.org\/{rel}","templated":true}]}}