{"id":7922016,"date":"2021-09-17T08:32:48","date_gmt":"2021-09-17T06:32:48","guid":{"rendered":"https:\/\/www.wildix.com\/wildix-participe-au-salon-it-partners-2021\/"},"modified":"2022-07-14T14:46:42","modified_gmt":"2022-07-14T12:46:42","slug":"wildix-participe-au-salon-it-partners-2021","status":"publish","type":"post","link":"https:\/\/www.wildix.com\/fr\/wildix-participe-au-salon-it-partners-2021\/","title":{"rendered":"Wildix participe au salon IT Partners 2021"},"content":{"rendered":"\t\t<div data-elementor-type=\"wp-post\" data-elementor-id=\"7922016\" class=\"elementor elementor-7922016\" data-elementor-post-type=\"post\">\n\t\t\t\t\t\t<section class=\"elementor-section elementor-top-section elementor-element elementor-element-7a4b1f5 elementor-section-boxed elementor-section-height-default elementor-section-height-default\" data-id=\"7a4b1f5\" data-element_type=\"section\" data-e-type=\"section\" data-settings=\"{&quot;jet_parallax_layout_list&quot;:[]}\">\n\t\t\t\t\t\t<div class=\"elementor-container elementor-column-gap-default\">\n\t\t\t\t\t<div class=\"elementor-column elementor-col-100 elementor-top-column elementor-element elementor-element-5b484026\" data-id=\"5b484026\" data-element_type=\"column\" data-e-type=\"column\">\n\t\t\t<div class=\"elementor-widget-wrap elementor-element-populated\">\n\t\t\t\t\t\t<div class=\"elementor-element elementor-element-39cb3720 elementor-widget elementor-widget-text-editor\" data-id=\"39cb3720\" data-element_type=\"widget\" data-e-type=\"widget\" data-widget_type=\"text-editor.default\">\n\t\t\t\t<div class=\"elementor-widget-container\">\n\t\t\t\t\t\t\t\t\t<p>Ce rendez-vous est l\u2019occasion pour Wildix de pr\u00e9senter les nouveaut\u00e9s produits dans un contexte d\u2019acc\u00e9l\u00e9ration du travail hybride et de la mobilit\u00e9 avec la mont\u00e9e en puissance des solutions de communications UCC, notamment la vid\u00e9oconf\u00e9rence.<\/p>\t\t\t\t\t\t\t\t<\/div>\n\t\t\t\t<\/div>\n\t\t\t\t<div class=\"elementor-element elementor-element-1eb3d78 elementor-widget elementor-widget-heading\" data-id=\"1eb3d78\" data-element_type=\"widget\" data-e-type=\"widget\" data-widget_type=\"heading.default\">\n\t\t\t\t<div class=\"elementor-widget-container\">\n\t\t\t\t\t<h2 class=\"elementor-heading-title elementor-size-default\">Les nouveaut\u00e9s produits et produits phares<\/h2>\t\t\t\t<\/div>\n\t\t\t\t<\/div>\n\t\t\t\t<div class=\"elementor-element elementor-element-1b4080a9 elementor-widget elementor-widget-text-editor\" data-id=\"1b4080a9\" data-element_type=\"widget\" data-e-type=\"widget\" data-widget_type=\"text-editor.default\">\n\t\t\t\t<div class=\"elementor-widget-container\">\n\t\t\t\t\t\t\t\t\t<p>Cette ann\u00e9e sur IT Partners, Wildix mettra en lumi\u00e8re ses nouvelles solutions, telles que <strong>Wizyconf<\/strong> et <strong>x-caracal<\/strong>.<\/p><p><a title=\"La Videoconference WebRTC\" href=\"https:\/\/www.wildix.com\/fr\/wizyconf-professional-videoconference\/\">Wizyconf<\/a> est la premi\u00e8re vid\u00e9oconf\u00e9rence professionnelle simple \u00e0 utiliser. Que vous soyez en t\u00e9l\u00e9travail, dans une salle de r\u00e9union ou une salle de conf\u00e9rence, Wizyconf s\u2019adapte \u00e0 vos besoins de par sa conception intelligente et convivale vous permettant de d\u00e9marrer une vid\u00e9oconf\u00e9rence en 30 secondes seulement.<\/p><p><a title=\"x-caracal : Surveillance et analyse des centres d\u2019appels\" href=\"https:\/\/www.wildix.com\/fr\/acd-stats-x-caracal\/\">x-caracal<\/a> est le premier outil d\u2019analyse Call Center qui vous permettra de suivre en temps r\u00e9el la qualit\u00e9 des interactions avec vos prospects ou clients, de garder le contr\u00f4le de votre activit\u00e9, tout en s\u2019int\u00e9grant \u00e0 votre syst\u00e8me de communication actuel.<\/p>\t\t\t\t\t\t\t\t<\/div>\n\t\t\t\t<\/div>\n\t\t\t\t<div class=\"elementor-element elementor-element-ac40543 elementor-widget elementor-widget-heading\" data-id=\"ac40543\" data-element_type=\"widget\" data-e-type=\"widget\" data-widget_type=\"heading.default\">\n\t\t\t\t<div class=\"elementor-widget-container\">\n\t\t\t\t\t<h2 class=\"elementor-heading-title elementor-size-default\">Wildix participe au Forum de l\u2019innovation et prendra part \u00e0 l\u2019un des 15 talks sur l\u2019IT du futur<\/h2>\t\t\t\t<\/div>\n\t\t\t\t<\/div>\n\t\t\t\t<div class=\"elementor-element elementor-element-d75de5b elementor-widget elementor-widget-text-editor\" data-id=\"d75de5b\" data-element_type=\"widget\" data-e-type=\"widget\" data-widget_type=\"text-editor.default\">\n\t\t\t\t<div class=\"elementor-widget-container\">\n\t\t\t\t\t\t\t\t\t<p>Retrouvez Jean-Yves Jeannel, Business Developer Manager le jeudi 30 septembre \u00e0 11h, qui vous pr\u00e9sentera <a href=\"https:\/\/www.forumdelinnovation-itpartners.fr\/\" target=\"_blank\" rel=\"noopener\">Les Communications Unifi\u00e9es : le catalyseur de la transformation digitale<\/a>, afin de vous d\u00e9montrer dans quelle mesure les Communications Unifi\u00e9es sont une<strong> r\u00e9ponse mesurable aux probl\u00e9matiques de digitalisation des process de vente des entreprises.<\/strong><\/p><p><strong>Une \u00e9quipe commerciale compl\u00e8te \u00e0 l\u2019\u00e9coute de son \u00e9cosyst\u00e8me et du march\u00e9<\/strong><strong><br \/><\/strong>L\u2019\u00e9quipe commerciale de Wildix sera pr\u00e9sente lors de cet \u00e9v\u00e9nement pour retrouver son \u00e9cosyst\u00e8me complet et r\u00e9pondre \u00e0 l\u2019ensemble des besoins des int\u00e9grateurs et de leurs clients.<\/p>\t\t\t\t\t\t\t\t<\/div>\n\t\t\t\t<\/div>\n\t\t\t\t<div class=\"elementor-element elementor-element-452e8ce elementor-widget elementor-widget-heading\" data-id=\"452e8ce\" data-element_type=\"widget\" data-e-type=\"widget\" data-widget_type=\"heading.default\">\n\t\t\t\t<div class=\"elementor-widget-container\">\n\t\t\t\t\t<h2 class=\"elementor-heading-title elementor-size-default\">Un moment de convivialit\u00e9 pour des partenaires de qualit\u00e9<\/h2>\t\t\t\t<\/div>\n\t\t\t\t<\/div>\n\t\t\t\t<div class=\"elementor-element elementor-element-b03d559 elementor-widget elementor-widget-text-editor\" data-id=\"b03d559\" data-element_type=\"widget\" data-e-type=\"widget\" data-widget_type=\"text-editor.default\">\n\t\t\t\t<div class=\"elementor-widget-container\">\n\t\t\t\t\t\t\t\t\t<p>Wildix propose \u00e0 son \u00e9cosyst\u00e8me et \u00e0 toute personne d\u00e9sireuse de d\u00e9couvrir notre solution UCC un moment convivial d\u2019\u00e9change autour d\u2019un verre lors de son <strong>Happy Hour sur son stand, le mercredi 29 septembre 2021 \u00e0 16h30<\/strong>.<\/p>\t\t\t\t\t\t\t\t<\/div>\n\t\t\t\t<\/div>\n\t\t\t\t<div class=\"elementor-element elementor-element-72730071 elementor-widget elementor-widget-image\" data-id=\"72730071\" data-element_type=\"widget\" data-e-type=\"widget\" data-widget_type=\"image.default\">\n\t\t\t\t<div class=\"elementor-widget-container\">\n\t\t\t\t\t\t\t\t\t\t\t\t\t\t\t<img fetchpriority=\"high\" decoding=\"async\" width=\"1024\" height=\"538\" src=\"https:\/\/www.wildix.com\/wp-content\/uploads\/2022\/05\/wildix-participe-au-salon-it-partners-2021-1-1024x538.jpg\" class=\"attachment-large size-large wp-image-7958919\" alt=\"\" srcset=\"https:\/\/www.wildix.com\/wp-content\/uploads\/2022\/05\/wildix-participe-au-salon-it-partners-2021-1-1024x538.jpg 1024w, https:\/\/www.wildix.com\/wp-content\/uploads\/2022\/05\/wildix-participe-au-salon-it-partners-2021-1-300x158.jpg 300w, https:\/\/www.wildix.com\/wp-content\/uploads\/2022\/05\/wildix-participe-au-salon-it-partners-2021-1-768x403.jpg 768w, https:\/\/www.wildix.com\/wp-content\/uploads\/2022\/05\/wildix-participe-au-salon-it-partners-2021-1.jpg 1200w\" sizes=\"(max-width: 1024px) 100vw, 1024px\" \/>\t\t\t\t\t\t\t\t\t\t\t\t\t\t\t<\/div>\n\t\t\t\t<\/div>\n\t\t\t\t<div class=\"elementor-element elementor-element-539f9e75 elementor-align-center elementor-widget elementor-widget-button\" data-id=\"539f9e75\" data-element_type=\"widget\" data-e-type=\"widget\" data-widget_type=\"button.default\">\n\t\t\t\t<div class=\"elementor-widget-container\">\n\t\t\t\t\t\t\t\t\t<div class=\"elementor-button-wrapper\">\n\t\t\t\t\t<a class=\"elementor-button elementor-button-link elementor-size-sm\" href=\"https:\/\/www.wildix.com\/fr\/it-partners\/\">\n\t\t\t\t\t\t<span class=\"elementor-button-content-wrapper\">\n\t\t\t\t\t\t\t\t\t<span class=\"elementor-button-text\">Inscription et demande de badge<\/span>\n\t\t\t\t\t<\/span>\n\t\t\t\t\t<\/a>\n\t\t\t\t<\/div>\n\t\t\t\t\t\t\t\t<\/div>\n\t\t\t\t<\/div>\n\t\t\t\t\t<\/div>\n\t\t<\/div>\n\t\t\t\t\t<\/div>\n\t\t<\/section>\n\t\t\t\t<\/div>\n\t\t","protected":false},"excerpt":{"rendered":"<p>Ce rendez-vous est l\u2019occasion pour Wildix de pr\u00e9senter les nouveaut\u00e9s produits dans un contexte d\u2019acc\u00e9l\u00e9ration du travail hybride et de la mobilit\u00e9 avec la mont\u00e9e en puissance des solutions de communications UCC, notamment la vid\u00e9oconf\u00e9rence. Les nouveaut\u00e9s produits et produits phares Cette ann\u00e9e sur IT Partners, Wildix mettra en lumi\u00e8re ses nouvelles solutions, telles que [&hellip;]<\/p>\n","protected":false},"author":6,"featured_media":7922017,"parent":0,"comment_status":"open","ping_status":"open","sticky":false,"template":"","format":"standard","meta":{"_acf_changed":false,"site-sidebar-layout":"default","site-content-layout":"","ast-site-content-layout":"default","site-content-style":"default","site-sidebar-style":"default","ast-global-header-display":"","ast-banner-title-visibility":"","ast-main-header-display":"","ast-hfb-above-header-display":"","ast-hfb-below-header-display":"","ast-hfb-mobile-header-display":"","site-post-title":"","ast-breadcrumbs-content":"","ast-featured-img":"","footer-sml-layout":"","ast-disable-related-posts":"","theme-transparent-header-meta":"","adv-header-id-meta":"","stick-header-meta":"","header-above-stick-meta":"","header-main-stick-meta":"","header-below-stick-meta":"","astra-migrate-meta-layouts":"default","ast-page-background-enabled":"default","ast-page-background-meta":{"desktop":{"background-color":"var(--ast-global-color-4)","background-image":"","background-repeat":"repeat","background-position":"center center","background-size":"auto","background-attachment":"scroll","background-type":"","background-media":"","overlay-type":"","overlay-color":"","overlay-opacity":"","overlay-gradient":""},"tablet":{"background-color":"","background-image":"","background-repeat":"repeat","background-position":"center center","background-size":"auto","background-attachment":"scroll","background-type":"","background-media":"","overlay-type":"","overlay-color":"","overlay-opacity":"","overlay-gradient":""},"mobile":{"background-color":"","background-image":"","background-repeat":"repeat","background-position":"center center","background-size":"auto","background-attachment":"scroll","background-type":"","background-media":"","overlay-type":"","overlay-color":"","overlay-opacity":"","overlay-gradient":""}},"ast-content-background-meta":{"desktop":{"background-color":"var(--ast-global-color-5)","background-image":"","background-repeat":"repeat","background-position":"center center","background-size":"auto","background-attachment":"scroll","background-type":"","background-media":"","overlay-type":"","overlay-color":"","overlay-opacity":"","overlay-gradient":""},"tablet":{"background-color":"var(--ast-global-color-5)","background-image":"","background-repeat":"repeat","background-position":"center center","background-size":"auto","background-attachment":"scroll","background-type":"","background-media":"","overlay-type":"","overlay-color":"","overlay-opacity":"","overlay-gradient":""},"mobile":{"background-color":"var(--ast-global-color-5)","background-image":"","background-repeat":"repeat","background-position":"center center","background-size":"auto","background-attachment":"scroll","background-type":"","background-media":"","overlay-type":"","overlay-color":"","overlay-opacity":"","overlay-gradient":""}},"_jet_sm_ready_style":"","_jet_sm_style":"","_jet_sm_controls_values":"","_jet_sm_fonts_collection":"","_jet_sm_fonts_links":"","footnotes":""},"categories":[366],"tags":[],"class_list":["post-7922016","post","type-post","status-publish","format-standard","has-post-thumbnail","hentry","category-news-fra"],"acf":[],"yoast_head":"<!-- This site is optimized with the Yoast SEO plugin v27.4 - https:\/\/yoast.com\/product\/yoast-seo-wordpress\/ -->\n<title>Wildix participe au salon IT Partners 2021<\/title>\n<meta name=\"description\" content=\"Wildix, premier syst\u00e8me UC&amp;C professionnel bas\u00e9 sur le Web, annonce sa pr\u00e9sence sur le salon IT Partners les 29 &amp; 30 septembre prochains \u00e0 Disneyland Paris, sur le Stand T30.\" \/>\n<meta name=\"robots\" content=\"index, follow, max-snippet:-1, max-image-preview:large, max-video-preview:-1\" \/>\n<meta property=\"og:locale\" content=\"fr_FR\" \/>\n<meta property=\"og:type\" content=\"article\" \/>\n<meta property=\"og:title\" content=\"Wildix participe au salon IT Partners 2021\" \/>\n<meta property=\"og:description\" content=\"Wildix, premier syst\u00e8me UC&amp;C professionnel bas\u00e9 sur le Web, annonce sa pr\u00e9sence sur le salon IT Partners les 29 &amp; 30 septembre prochains \u00e0 Disneyland Paris, sur le Stand T30.\" \/>\n<meta property=\"og:url\" content=\"https:\/\/www.wildix.com\/fr\/wildix-participe-au-salon-it-partners-2021\/\" \/>\n<meta property=\"og:site_name\" content=\"Wildix\" \/>\n<meta property=\"article:publisher\" content=\"https:\/\/www.facebook.com\/groups\/wildixtechwizards\/?mibextid=6NoCDW\" \/>\n<meta property=\"article:published_time\" content=\"2021-09-17T06:32:48+00:00\" \/>\n<meta property=\"article:modified_time\" content=\"2022-07-14T12:46:42+00:00\" \/>\n<meta property=\"og:image\" content=\"https:\/\/www.wildix.com\/wp-content\/uploads\/2021\/09\/wildix-participe-au-salon-it-partners-2021.jpg\" \/>\n\t<meta property=\"og:image:width\" content=\"1200\" \/>\n\t<meta property=\"og:image:height\" content=\"630\" \/>\n\t<meta property=\"og:image:type\" content=\"image\/jpeg\" \/>\n<meta name=\"author\" content=\"annalisa.toniatti@wildix.com\" \/>\n<meta name=\"twitter:card\" content=\"summary_large_image\" \/>\n<meta name=\"twitter:image\" content=\"https:\/\/www.wildix.com\/wp-content\/uploads\/2021\/09\/wildix-participe-au-salon-it-partners-2021.jpg\" \/>\n<meta name=\"twitter:creator\" content=\"@wildix_\" \/>\n<meta name=\"twitter:site\" content=\"@wildix_\" \/>\n<meta name=\"twitter:label1\" content=\"\u00c9crit par\" \/>\n\t<meta name=\"twitter:data1\" content=\"annalisa.toniatti@wildix.com\" \/>\n\t<meta name=\"twitter:label2\" content=\"Dur\u00e9e de lecture estim\u00e9e\" \/>\n\t<meta name=\"twitter:data2\" content=\"2 minutes\" \/>\n<!-- \/ Yoast SEO plugin. -->","yoast_head_json":{"title":"Wildix participe au salon IT Partners 2021","description":"Wildix, premier syst\u00e8me UC&C professionnel bas\u00e9 sur le Web, annonce sa pr\u00e9sence sur le salon IT Partners les 29 & 30 septembre prochains \u00e0 Disneyland Paris, sur le Stand T30.","robots":{"index":"index","follow":"follow","max-snippet":"max-snippet:-1","max-image-preview":"max-image-preview:large","max-video-preview":"max-video-preview:-1"},"og_locale":"fr_FR","og_type":"article","og_title":"Wildix participe au salon IT Partners 2021","og_description":"Wildix, premier syst\u00e8me UC&C professionnel bas\u00e9 sur le Web, annonce sa pr\u00e9sence sur le salon IT Partners les 29 & 30 septembre prochains \u00e0 Disneyland Paris, sur le Stand T30.","og_url":"https:\/\/www.wildix.com\/fr\/wildix-participe-au-salon-it-partners-2021\/","og_site_name":"Wildix","article_publisher":"https:\/\/www.facebook.com\/groups\/wildixtechwizards\/?mibextid=6NoCDW","article_published_time":"2021-09-17T06:32:48+00:00","article_modified_time":"2022-07-14T12:46:42+00:00","og_image":[{"width":1200,"height":630,"url":"https:\/\/www.wildix.com\/wp-content\/uploads\/2021\/09\/wildix-participe-au-salon-it-partners-2021.jpg","type":"image\/jpeg"}],"author":"annalisa.toniatti@wildix.com","twitter_card":"summary_large_image","twitter_image":"https:\/\/www.wildix.com\/wp-content\/uploads\/2021\/09\/wildix-participe-au-salon-it-partners-2021.jpg","twitter_creator":"@wildix_","twitter_site":"@wildix_","twitter_misc":{"\u00c9crit par":"annalisa.toniatti@wildix.com","Dur\u00e9e de lecture estim\u00e9e":"2 minutes"},"schema":{"@context":"https:\/\/schema.org","@graph":[{"@type":"Article","@id":"https:\/\/www.wildix.com\/fr\/wildix-participe-au-salon-it-partners-2021\/#article","isPartOf":{"@id":"https:\/\/www.wildix.com\/fr\/wildix-participe-au-salon-it-partners-2021\/"},"author":{"name":"annalisa.toniatti@wildix.com","@id":"https:\/\/www.wildix.com\/fr\/#\/schema\/person\/1ae0802177eafd0e9bfb52cbbcbbbd11"},"headline":"Wildix participe au salon IT Partners 2021","datePublished":"2021-09-17T06:32:48+00:00","dateModified":"2022-07-14T12:46:42+00:00","mainEntityOfPage":{"@id":"https:\/\/www.wildix.com\/fr\/wildix-participe-au-salon-it-partners-2021\/"},"wordCount":345,"commentCount":0,"publisher":{"@id":"https:\/\/www.wildix.com\/fr\/#organization"},"image":{"@id":"https:\/\/www.wildix.com\/fr\/wildix-participe-au-salon-it-partners-2021\/#primaryimage"},"thumbnailUrl":"https:\/\/www.wildix.com\/wp-content\/uploads\/2022\/05\/wildix-participe-au-salon-it-partners-2021.jpg","articleSection":["News FRA"],"inLanguage":"fr-FR","potentialAction":[{"@type":"CommentAction","name":"Comment","target":["https:\/\/www.wildix.com\/fr\/wildix-participe-au-salon-it-partners-2021\/#respond"]}]},{"@type":"WebPage","@id":"https:\/\/www.wildix.com\/fr\/wildix-participe-au-salon-it-partners-2021\/","url":"https:\/\/www.wildix.com\/fr\/wildix-participe-au-salon-it-partners-2021\/","name":"Wildix participe au salon IT Partners 2021","isPartOf":{"@id":"https:\/\/www.wildix.com\/fr\/#website"},"primaryImageOfPage":{"@id":"https:\/\/www.wildix.com\/fr\/wildix-participe-au-salon-it-partners-2021\/#primaryimage"},"image":{"@id":"https:\/\/www.wildix.com\/fr\/wildix-participe-au-salon-it-partners-2021\/#primaryimage"},"thumbnailUrl":"https:\/\/www.wildix.com\/wp-content\/uploads\/2022\/05\/wildix-participe-au-salon-it-partners-2021.jpg","datePublished":"2021-09-17T06:32:48+00:00","dateModified":"2022-07-14T12:46:42+00:00","description":"Wildix, premier syst\u00e8me UC&C professionnel bas\u00e9 sur le Web, annonce sa pr\u00e9sence sur le salon IT Partners les 29 & 30 septembre prochains \u00e0 Disneyland Paris, sur le Stand T30.","breadcrumb":{"@id":"https:\/\/www.wildix.com\/fr\/wildix-participe-au-salon-it-partners-2021\/#breadcrumb"},"inLanguage":"fr-FR","potentialAction":[{"@type":"ReadAction","target":["https:\/\/www.wildix.com\/fr\/wildix-participe-au-salon-it-partners-2021\/"]}]},{"@type":"ImageObject","inLanguage":"fr-FR","@id":"https:\/\/www.wildix.com\/fr\/wildix-participe-au-salon-it-partners-2021\/#primaryimage","url":"https:\/\/www.wildix.com\/wp-content\/uploads\/2022\/05\/wildix-participe-au-salon-it-partners-2021.jpg","contentUrl":"https:\/\/www.wildix.com\/wp-content\/uploads\/2022\/05\/wildix-participe-au-salon-it-partners-2021.jpg","width":1200,"height":630,"caption":"Wildix participe au salon IT Partners 2021"},{"@type":"BreadcrumbList","@id":"https:\/\/www.wildix.com\/fr\/wildix-participe-au-salon-it-partners-2021\/#breadcrumb","itemListElement":[{"@type":"ListItem","position":1,"name":"Home","item":"https:\/\/www.wildix.com\/fr\/home-copy\/"},{"@type":"ListItem","position":2,"name":"Wildix participe au salon IT Partners 2021"}]},{"@type":"WebSite","@id":"https:\/\/www.wildix.com\/fr\/#website","url":"https:\/\/www.wildix.com\/fr\/","name":"Wildix","description":"","publisher":{"@id":"https:\/\/www.wildix.com\/fr\/#organization"},"potentialAction":[{"@type":"SearchAction","target":{"@type":"EntryPoint","urlTemplate":"https:\/\/www.wildix.com\/fr\/?s={search_term_string}"},"query-input":{"@type":"PropertyValueSpecification","valueRequired":true,"valueName":"search_term_string"}}],"inLanguage":"fr-FR"},{"@type":"Organization","@id":"https:\/\/www.wildix.com\/fr\/#organization","name":"Wildix","url":"https:\/\/www.wildix.com\/fr\/","logo":{"@type":"ImageObject","inLanguage":"fr-FR","@id":"https:\/\/www.wildix.com\/fr\/#\/schema\/logo\/image\/","url":"https:\/\/www.wildix.com\/wp-content\/uploads\/2021\/09\/logo-1.svg","contentUrl":"https:\/\/www.wildix.com\/wp-content\/uploads\/2021\/09\/logo-1.svg","caption":"Wildix"},"image":{"@id":"https:\/\/www.wildix.com\/fr\/#\/schema\/logo\/image\/"},"sameAs":["https:\/\/www.facebook.com\/groups\/wildixtechwizards\/?mibextid=6NoCDW","https:\/\/x.com\/wildix_"]},{"@type":"Person","@id":"https:\/\/www.wildix.com\/fr\/#\/schema\/person\/1ae0802177eafd0e9bfb52cbbcbbbd11","name":"annalisa.toniatti@wildix.com","image":{"@type":"ImageObject","inLanguage":"fr-FR","@id":"https:\/\/secure.gravatar.com\/avatar\/1689dadad3d928292b6346b0643231452ed142a52fd3c0b7bc11222a2c2b8102?s=96&d=mm&r=g","url":"https:\/\/secure.gravatar.com\/avatar\/1689dadad3d928292b6346b0643231452ed142a52fd3c0b7bc11222a2c2b8102?s=96&d=mm&r=g","contentUrl":"https:\/\/secure.gravatar.com\/avatar\/1689dadad3d928292b6346b0643231452ed142a52fd3c0b7bc11222a2c2b8102?s=96&d=mm&r=g","caption":"annalisa.toniatti@wildix.com"},"url":"https:\/\/www.wildix.com\/fr\/author\/annalisa-toniattiwildix-com\/"}]}},"clean_content":"Ce rendez-vous est l\u2019occasion pour Wildix de pr\u00e9senter les nouveaut\u00e9s produits dans un contexte d\u2019acc\u00e9l\u00e9ration du travail hybride et de la mobilit\u00e9 avec la mont\u00e9e en puissance des solutions de communications UCC, notamment la vid\u00e9oconf\u00e9rence. Les nouveaut\u00e9s produits et produits phares Cette ann\u00e9e sur IT Partners, Wildix mettra en lumi\u00e8re ses nouvelles solutions, telles que Wizyconf et x-caracal.Wizyconf est la premi\u00e8re vid\u00e9oconf\u00e9rence professionnelle simple \u00e0 utiliser. Que vous soyez en t\u00e9l\u00e9travail, dans une salle de r\u00e9union ou une salle de conf\u00e9rence, Wizyconf s\u2019adapte \u00e0 vos besoins de par sa conception intelligente et convivale vous permettant de d\u00e9marrer une vid\u00e9oconf\u00e9rence en 30 secondes seulement.x-caracal est le premier outil d\u2019analyse Call Center qui vous permettra de suivre en temps r\u00e9el la qualit\u00e9 des interactions avec vos prospects ou clients, de garder le contr\u00f4le de votre activit\u00e9, tout en s\u2019int\u00e9grant \u00e0 votre syst\u00e8me de communication actuel. Wildix participe au Forum de l\u2019innovation et prendra part \u00e0 l\u2019un des 15 talks sur l\u2019IT du futur Retrouvez Jean-Yves Jeannel, Business Developer Manager le jeudi 30 septembre \u00e0 11h, qui vous pr\u00e9sentera Les Communications Unifi\u00e9es : le catalyseur de la transformation digitale, afin de vous d\u00e9montrer dans quelle mesure les Communications Unifi\u00e9es sont une r\u00e9ponse mesurable aux probl\u00e9matiques de digitalisation des process de vente des entreprises.Une \u00e9quipe commerciale compl\u00e8te \u00e0 l\u2019\u00e9coute de son \u00e9cosyst\u00e8me et du march\u00e9L\u2019\u00e9quipe commerciale de Wildix sera pr\u00e9sente lors de cet \u00e9v\u00e9nement pour retrouver son \u00e9cosyst\u00e8me complet et r\u00e9pondre \u00e0 l\u2019ensemble des besoins des int\u00e9grateurs et de leurs clients. Un moment de convivialit\u00e9 pour des partenaires de qualit\u00e9 Wildix propose \u00e0 son \u00e9cosyst\u00e8me et \u00e0 toute personne d\u00e9sireuse de d\u00e9couvrir notre solution UCC un moment convivial d\u2019\u00e9change autour d\u2019un verre lors de son Happy Hour sur son stand, le mercredi 29 septembre 2021 \u00e0 16h30. Inscription et demande de badge","clean_excerpt":"Ce rendez-vous est l\u2019occasion pour Wildix de pr\u00e9senter les nouveaut\u00e9s produits dans un contexte d\u2019acc\u00e9l\u00e9ration du travail hybride et de la mobilit\u00e9 avec la mont\u00e9e en puissance des solutions de communications UCC, notamment la vid\u00e9oconf\u00e9rence. Les nouveaut\u00e9s produits et produits phares Cette ann\u00e9e sur IT Partners, Wildix mettra en lumi\u00e8re ses nouvelles solutions, telles que...","_links":{"self":[{"href":"https:\/\/www.wildix.com\/fr\/wp-json\/wp\/v2\/posts\/7922016","targetHints":{"allow":["GET"]}}],"collection":[{"href":"https:\/\/www.wildix.com\/fr\/wp-json\/wp\/v2\/posts"}],"about":[{"href":"https:\/\/www.wildix.com\/fr\/wp-json\/wp\/v2\/types\/post"}],"author":[{"embeddable":true,"href":"https:\/\/www.wildix.com\/fr\/wp-json\/wp\/v2\/users\/6"}],"replies":[{"embeddable":true,"href":"https:\/\/www.wildix.com\/fr\/wp-json\/wp\/v2\/comments?post=7922016"}],"version-history":[{"count":0,"href":"https:\/\/www.wildix.com\/fr\/wp-json\/wp\/v2\/posts\/7922016\/revisions"}],"wp:featuredmedia":[{"embeddable":true,"href":"https:\/\/www.wildix.com\/fr\/wp-json\/wp\/v2\/media\/7922017"}],"wp:attachment":[{"href":"https:\/\/www.wildix.com\/fr\/wp-json\/wp\/v2\/media?parent=7922016"}],"wp:term":[{"taxonomy":"category","embeddable":true,"href":"https:\/\/www.wildix.com\/fr\/wp-json\/wp\/v2\/categories?post=7922016"},{"taxonomy":"post_tag","embeddable":true,"href":"https:\/\/www.wildix.com\/fr\/wp-json\/wp\/v2\/tags?post=7922016"}],"curies":[{"name":"wp","href":"https:\/\/api.w.org\/{rel}","templated":true}]}}