{"id":7921979,"date":"2021-01-18T22:08:14","date_gmt":"2021-01-18T21:08:14","guid":{"rendered":"https:\/\/www.wildix.com\/wildix-ucc-summit-2021-communique-de-presse\/"},"modified":"2022-12-20T09:43:30","modified_gmt":"2022-12-20T08:43:30","slug":"wildix-ucc-summit-2021-communique-de-presse","status":"publish","type":"post","link":"https:\/\/www.wildix.com\/fr\/wildix-ucc-summit-2021-communique-de-presse\/","title":{"rendered":"Wildix lance la premi\u00e8re plateforme de communication pour augmenter les ventes lors de l\u2019UC&#038;C Summit 2021"},"content":{"rendered":"\t\t<div data-elementor-type=\"wp-post\" data-elementor-id=\"7921979\" class=\"elementor elementor-7921979 elementor-7902574\" data-elementor-post-type=\"post\">\n\t\t\t\t\t\t<section class=\"elementor-section elementor-top-section elementor-element elementor-element-1a3ee28 elementor-section-boxed elementor-section-height-default elementor-section-height-default\" data-id=\"1a3ee28\" data-element_type=\"section\" data-e-type=\"section\" data-settings=\"{&quot;jet_parallax_layout_list&quot;:[]}\">\n\t\t\t\t\t\t<div class=\"elementor-container elementor-column-gap-default\">\n\t\t\t\t\t<div class=\"elementor-column elementor-col-100 elementor-top-column elementor-element elementor-element-2adea406\" data-id=\"2adea406\" data-element_type=\"column\" data-e-type=\"column\">\n\t\t\t<div class=\"elementor-widget-wrap elementor-element-populated\">\n\t\t\t\t\t\t<div class=\"elementor-element elementor-element-320f9b80 elementor-widget elementor-widget-text-editor\" data-id=\"320f9b80\" data-element_type=\"widget\" data-e-type=\"widget\" data-widget_type=\"text-editor.default\">\n\t\t\t\t<div class=\"elementor-widget-container\">\n\t\t\t\t\t\t\t\t\t<p><span style=\"background-color: #003366; color: #ffffff; padding: 10px 10px 10px 10px; border-radius: 3px;\">Press release<br \/><\/span><\/p><div class=\" vc_custom_1652173707414\"><div id=\"text-block-11\" class=\"mk-text-block jupiter-donut- \"><strong>Mardi 19 Janvier 2021<\/strong> \u2014 Wildix, le fournisseur mondial de syst\u00e8mes de collaboration dans le Cloud bas\u00e9s sur le WebRTC, a r\u00e9cemment cl\u00f4tur\u00e9 son <strong>UC&amp;C Summit 2021<\/strong> h\u00e9berg\u00e9 en ligne cette ann\u00e9e. Lors de cet \u00e9v\u00e9nement, la soci\u00e9t\u00e9 a d\u00e9voil\u00e9 une nouvelle gamme de logiciels et de solutions qui, ensemble, cr\u00e9ent la premi\u00e8re plateforme de communication du march\u00e9 con\u00e7ue pour soutenir le processus de vente des entreprises et accro\u00eetre leur rentabilit\u00e9.<\/div><\/div>\t\t\t\t\t\t\t\t<\/div>\n\t\t\t\t<\/div>\n\t\t\t\t<div class=\"elementor-element elementor-element-1b5e4719 elementor-widget elementor-widget-text-editor\" data-id=\"1b5e4719\" data-element_type=\"widget\" data-e-type=\"widget\" data-widget_type=\"text-editor.default\">\n\t\t\t\t<div class=\"elementor-widget-container\">\n\t\t\t\t\t\t\t\t\t<h3 id=\"fancy-title-7\" class=\"mk-fancy-title  simple-style jupiter-donut-  color-single\">L\u2019UC&amp;C Summit a tr\u00e8s clairement mis l\u2019accent sur les mises \u00e0 jour du march\u00e9 et sur la mani\u00e8re dont les partenaires de Wildix peuvent tirer le meilleur parti des changements de l\u2019industrie.<\/h3>\t\t\t\t\t\t\t\t<\/div>\n\t\t\t\t<\/div>\n\t\t\t\t<div class=\"elementor-element elementor-element-6f2aa0a4 testimonials-block elementor-widget elementor-widget-testimonial\" data-id=\"6f2aa0a4\" data-element_type=\"widget\" data-e-type=\"widget\" data-widget_type=\"testimonial.default\">\n\t\t\t\t<div class=\"elementor-widget-container\">\n\t\t\t\t\t\t\t<div class=\"elementor-testimonial-wrapper\">\n\t\t\t\t\t\t\t<div class=\"elementor-testimonial-content\">\u00ab\u00a0Ce Summit concerne les opportunit\u00e9s commerciales\u00a0\u00bb, poursuivit M. Osler. \u00ab\u00a0Il s\u2019agit en particulier de la fa\u00e7on dont l\u2019ann\u00e9e \u00e9coul\u00e9e a introduit le changement en mati\u00e8re de technologie. Pour nous tous, la technologie est devenue le nouveau cadre permanent de nos modes de vie. C\u2019est pourquoi, aujourd\u2019hui plus que jamais, les fournisseurs de solutions de communication jouent un r\u00f4le \u00e9norme dans les affaires, et pourquoi ces professionnels ont le potentiel de faire une diff\u00e9rence dans les entreprises et dans la vie des gens\u00a0\u00bb.<\/div>\n\t\t\t\n\t\t\t\t\t\t<div class=\"elementor-testimonial-meta elementor-has-image elementor-testimonial-image-position-aside\">\n\t\t\t\t<div class=\"elementor-testimonial-meta-inner\">\n\t\t\t\t\t\t\t\t\t\t\t<div class=\"elementor-testimonial-image\">\n\t\t\t\t\t\t\t<img decoding=\"async\" width=\"150\" height=\"150\" src=\"https:\/\/www.wildix.com\/wp-content\/uploads\/2022\/12\/steve-osler_400x400-150x150.jpg\" class=\"attachment-thumbnail size-thumbnail wp-image-7994715\" alt=\"Steve Osler\" srcset=\"https:\/\/www.wildix.com\/wp-content\/uploads\/2022\/12\/steve-osler_400x400-150x150.jpg 150w, https:\/\/www.wildix.com\/wp-content\/uploads\/2022\/12\/steve-osler_400x400-300x300.jpg 300w, https:\/\/www.wildix.com\/wp-content\/uploads\/2022\/12\/steve-osler_400x400.jpg 400w\" sizes=\"(max-width: 150px) 100vw, 150px\" \/>\t\t\t\t\t\t<\/div>\n\t\t\t\t\t\n\t\t\t\t\t\t\t\t\t\t<div class=\"elementor-testimonial-details\">\n\t\t\t\t\t\t\t\t\t\t\t\t\t\t<div class=\"elementor-testimonial-name\">Steve Osler<\/div>\n\t\t\t\t\t\t\t\t\t\t\t\t\t\t\t\t\t\t\t\t\t\t<div class=\"elementor-testimonial-job\">CEO de Wildix<\/div>\n\t\t\t\t\t\t\t\t\t\t\t\t\t<\/div>\n\t\t\t\t\t\t\t\t\t<\/div>\n\t\t\t<\/div>\n\t\t\t\t\t<\/div>\n\t\t\t\t\t\t<\/div>\n\t\t\t\t<\/div>\n\t\t\t\t<div class=\"elementor-element elementor-element-50e701c4 elementor-widget elementor-widget-text-editor\" data-id=\"50e701c4\" data-element_type=\"widget\" data-e-type=\"widget\" data-widget_type=\"text-editor.default\">\n\t\t\t\t<div class=\"elementor-widget-container\">\n\t\t\t\t\t\t\t\t\t<p>Ce Summit \u00e9tait dirig\u00e9 par<b> Steve Osler, Dimitri Osler <\/b>(Wildix CTO), <b>Emiliano Tomasoni <\/b>(Wildix CMO), <b>Alberto Benigno<\/b> (Wildix CSO) et <b>Elena Kornilova<\/b> (Wildix Technical Communication Manager). Un certain nombre d\u2019orateurs ext\u00e9rieurs \u00e0 l\u2019organisation Wildix ont \u00e9galement particip\u00e9 \u00e0 l\u2019\u00e9v\u00e9nement, notamment <b>Dominic Black<\/b> (directeur de la recherche du groupe Cavell) et <b>Julie Thomas<\/b> (PDG de ValueSelling).<\/p>\t\t\t\t\t\t\t\t<\/div>\n\t\t\t\t<\/div>\n\t\t\t\t<div class=\"elementor-element elementor-element-1ec1d14 elementor-widget elementor-widget-text-editor\" data-id=\"1ec1d14\" data-element_type=\"widget\" data-e-type=\"widget\" data-widget_type=\"text-editor.default\">\n\t\t\t\t<div class=\"elementor-widget-container\">\n\t\t\t\t\t\t\t\t\t<h3 id=\"fancy-title-20\" class=\"mk-fancy-title  simple-style jupiter-donut-  color-single\">Le Summit a \u00e9galement vu le d\u00e9voilement de plusieurs nouveaux ajouts au portefeuille de solutions de communication \u00e0 valeur ajout\u00e9e de Wildix.<\/h3>\t\t\t\t\t\t\t\t<\/div>\n\t\t\t\t<\/div>\n\t\t\t\t<div class=\"elementor-element elementor-element-7614d21 elementor-widget elementor-widget-image\" data-id=\"7614d21\" data-element_type=\"widget\" data-e-type=\"widget\" data-widget_type=\"image.default\">\n\t\t\t\t<div class=\"elementor-widget-container\">\n\t\t\t\t\t\t\t\t\t\t\t\t\t\t\t<img fetchpriority=\"high\" decoding=\"async\" width=\"500\" height=\"500\" src=\"https:\/\/www.wildix.com\/wp-content\/uploads\/2022\/07\/x-bees-logo.png\" class=\"attachment-large size-large wp-image-7959082\" alt=\"\" srcset=\"https:\/\/www.wildix.com\/wp-content\/uploads\/2022\/07\/x-bees-logo.png 500w, https:\/\/www.wildix.com\/wp-content\/uploads\/2022\/07\/x-bees-logo-300x300.png 300w, https:\/\/www.wildix.com\/wp-content\/uploads\/2022\/07\/x-bees-logo-150x150.png 150w\" sizes=\"(max-width: 500px) 100vw, 500px\" \/>\t\t\t\t\t\t\t\t\t\t\t\t\t\t\t<\/div>\n\t\t\t\t<\/div>\n\t\t\t\t<div class=\"elementor-element elementor-element-5dd0ea8 elementor-widget elementor-widget-text-editor\" data-id=\"5dd0ea8\" data-element_type=\"widget\" data-e-type=\"widget\" data-widget_type=\"text-editor.default\">\n\t\t\t\t<div class=\"elementor-widget-container\">\n\t\t\t\t\t\t\t\t\t<p>La premi\u00e8re de ces solutions \u00e9tait <a href=\"https:\/\/www.wildix.com\/fr\/x-bees\/\" rel=\"noopener\">x-bees<\/a>, une plateforme permettant d\u2019acheminer toutes les communications professionnelles \u2014 y compris les appels VoIP, les chats, les appels vid\u00e9o et autres \u2013 dans une seule interface de navigation \u2014 afin d\u2019augmenter les ventes en am\u00e9liorant les proc\u00e9dures de gestion des leads.<\/p>\t\t\t\t\t\t\t\t<\/div>\n\t\t\t\t<\/div>\n\t\t\t\t<div class=\"elementor-element elementor-element-36924ff testimonials-block elementor-widget elementor-widget-testimonial\" data-id=\"36924ff\" data-element_type=\"widget\" data-e-type=\"widget\" data-widget_type=\"testimonial.default\">\n\t\t\t\t<div class=\"elementor-widget-container\">\n\t\t\t\t\t\t\t<div class=\"elementor-testimonial-wrapper\">\n\t\t\t\t\t\t\t<div class=\"elementor-testimonial-content\"><em>\u00ab\u00a0<strong>Nous avons cr\u00e9\u00e9 <a href=\"https:\/\/www.wildix.com\/fr\/x-bees\/\" rel=\"noopener\">x-bees<\/a> parce que la phase de gestion principale implique plus d\u2019une personne<\/strong>\u00ab\u00a0, explique Dimitri Osler. \u00ab\u00a0L\u2019\u00e9quipe de vente doit souvent collaborer sur la mani\u00e8re de fournir le meilleur service et de transformer un lead en client.\u201d<\/em><\/div>\n\t\t\t\n\t\t\t\t\t\t<div class=\"elementor-testimonial-meta elementor-has-image elementor-testimonial-image-position-aside\">\n\t\t\t\t<div class=\"elementor-testimonial-meta-inner\">\n\t\t\t\t\t\t\t\t\t\t\t<div class=\"elementor-testimonial-image\">\n\t\t\t\t\t\t\t<img decoding=\"async\" width=\"150\" height=\"150\" src=\"https:\/\/www.wildix.com\/wp-content\/uploads\/2022\/07\/dimitri-osler-150x150.jpg\" class=\"attachment-thumbnail size-thumbnail wp-image-7966303\" alt=\"\" \/>\t\t\t\t\t\t<\/div>\n\t\t\t\t\t\n\t\t\t\t\t\t\t\t\t\t<div class=\"elementor-testimonial-details\">\n\t\t\t\t\t\t\t\t\t\t\t\t\t\t<div class=\"elementor-testimonial-name\">Dimitri Osler<\/div>\n\t\t\t\t\t\t\t\t\t\t\t\t\t\t\t\t\t\t\t\t\t\t<div class=\"elementor-testimonial-job\">CTO de Wildix<\/div>\n\t\t\t\t\t\t\t\t\t\t\t\t\t<\/div>\n\t\t\t\t\t\t\t\t\t<\/div>\n\t\t\t<\/div>\n\t\t\t\t\t<\/div>\n\t\t\t\t\t\t<\/div>\n\t\t\t\t<\/div>\n\t\t\t\t<div class=\"elementor-element elementor-element-159a62c elementor-widget elementor-widget-text-editor\" data-id=\"159a62c\" data-element_type=\"widget\" data-e-type=\"widget\" data-widget_type=\"text-editor.default\">\n\t\t\t\t<div class=\"elementor-widget-container\">\n\t\t\t\t\t\t\t\t\t<p>Construite sur la base du framework React Javascript, x-bees est la premi\u00e8re plateforme de communications unifi\u00e9es con\u00e7ue pour booster les ventes. <b>Elle sera disponible dans sa version b\u00eata au deuxi\u00e8me trimestre 2021.<\/b><\/p><p>Pour la partie hardware, Wildix a annonc\u00e9 <b>DuoLED Bluetooth<\/b>, une version enti\u00e8rement sans fil du casque pr\u00e9c\u00e9dent. \u00c9quip\u00e9 d\u2019un microphone, de voyants d\u2019\u00e9tat et de deux \u00e9couteurs confortablement rembourr\u00e9s, l<b>\u2018appareil sera disponible \u00e0 la vente au premier trimestre de 2021.<\/b><\/p><p>\u00c9galement pr\u00e9sent\u00e9e, <b>x-caracal<\/b>, la solution de Wildix pour le suivi des leads et des clients tout au long du processus de vente. Tout comme un outil de statistiques ACD, x-caracal surveille les communications de l\u2019entreprise avec les clients potentiels externes, ce qui permet de savoir en interne quels \u00e9l\u00e9ments du tunnel de vente fonctionnent bien et ce qui peut \u00eatre am\u00e9lior\u00e9. La sortie de <b>x-caracal est elle pr\u00e9vue pour le 1ier trimestre 2021<\/b><\/p><p>L\u2019autre annonce de ce Summit est la solution tout-en-un de Wildix, <b><a href=\"https:\/\/www.wildix.com\/fr\/wizywebinar-platform\/\">Wizywebinar<\/a><\/b>, permettant la cr\u00e9ation, l\u2019h\u00e9bergement et l\u2019invitation de clients potentiels \u00e0 des webinars. <b>La sortie de Wizywebinar est pr\u00e9vue pour le 1ier trimestre 2021, avec l\u2019int\u00e9gration compl\u00e8te \u00e0 Wizyconf Station.<\/b><\/p><p>En cl\u00f4ture de l\u2019\u00e9v\u00e9nement, Wildix a dress\u00e9 le top 11 des partenaires les plus formants pour l\u2019ann\u00e9e 2020, tout en annon\u00e7ant que la soci\u00e9t\u00e9 \u00e9largira son programme de r\u00e9compenses afin d\u2019encourager davantage les taux \u00e9lev\u00e9s de revenus mensuels r\u00e9currents au cours de l\u2019ann\u00e9e \u00e0 venir.<\/p>\t\t\t\t\t\t\t\t<\/div>\n\t\t\t\t<\/div>\n\t\t\t\t<div class=\"elementor-element elementor-element-8f2dfc4 testimonials-block elementor-widget elementor-widget-testimonial\" data-id=\"8f2dfc4\" data-element_type=\"widget\" data-e-type=\"widget\" data-widget_type=\"testimonial.default\">\n\t\t\t\t<div class=\"elementor-widget-container\">\n\t\t\t\t\t\t\t<div class=\"elementor-testimonial-wrapper\">\n\t\t\t\t\t\t\t<div class=\"elementor-testimonial-content\">\u00ab\u00a0En 2020, nous vous avons distribu\u00e9 un demi-million de dollars de bonus sous forme de remises et de rabais\u00a0\u00bb, a d\u00e9clar\u00e9 Alberto Benigno. \u00ab\u00a0En ces temps extraordinaires, nous avons d\u00e9velopp\u00e9 le programme de r\u00e9compenses Wildix. Nous allons introduire une incitation sp\u00e9ciale non seulement pour les meilleurs r\u00e9sultats, mais aussi pour les entreprises les plus florissantes. De cette fa\u00e7on, personne n\u2019est exclu du programme de r\u00e9compenses Wildix\u00a0\u00bb.<\/div>\n\t\t\t\n\t\t\t\t\t\t<div class=\"elementor-testimonial-meta elementor-has-image elementor-testimonial-image-position-aside\">\n\t\t\t\t<div class=\"elementor-testimonial-meta-inner\">\n\t\t\t\t\t\t\t\t\t\t\t<div class=\"elementor-testimonial-image\">\n\t\t\t\t\t\t\t<img loading=\"lazy\" decoding=\"async\" width=\"150\" height=\"150\" src=\"https:\/\/www.wildix.com\/wp-content\/uploads\/2022\/07\/alberto-carlos-benigno-chief-sales-officer-at-wildix-2-150x150.jpg\" class=\"attachment-thumbnail size-thumbnail wp-image-7966296\" alt=\"\" srcset=\"https:\/\/www.wildix.com\/wp-content\/uploads\/2022\/07\/alberto-carlos-benigno-chief-sales-officer-at-wildix-2-150x150.jpg 150w, https:\/\/www.wildix.com\/wp-content\/uploads\/2022\/07\/alberto-carlos-benigno-chief-sales-officer-at-wildix-2-300x300.jpg 300w, https:\/\/www.wildix.com\/wp-content\/uploads\/2022\/07\/alberto-carlos-benigno-chief-sales-officer-at-wildix-2.jpg 400w\" sizes=\"(max-width: 150px) 100vw, 150px\" \/>\t\t\t\t\t\t<\/div>\n\t\t\t\t\t\n\t\t\t\t\t\t\t\t\t\t<div class=\"elementor-testimonial-details\">\n\t\t\t\t\t\t\t\t\t\t\t\t\t\t<div class=\"elementor-testimonial-name\">Alberto Benigno<\/div>\n\t\t\t\t\t\t\t\t\t\t\t\t\t\t\t\t\t\t\t\t\t\t<div class=\"elementor-testimonial-job\">CSO de Wildix<\/div>\n\t\t\t\t\t\t\t\t\t\t\t\t\t<\/div>\n\t\t\t\t\t\t\t\t\t<\/div>\n\t\t\t<\/div>\n\t\t\t\t\t<\/div>\n\t\t\t\t\t\t<\/div>\n\t\t\t\t<\/div>\n\t\t\t\t\t<\/div>\n\t\t<\/div>\n\t\t\t\t\t<\/div>\n\t\t<\/section>\n\t\t\t\t<\/div>\n\t\t","protected":false},"excerpt":{"rendered":"<p>Press release Mardi 19 Janvier 2021 \u2014 Wildix, le fournisseur mondial de syst\u00e8mes de collaboration dans le Cloud bas\u00e9s sur le WebRTC, a r\u00e9cemment cl\u00f4tur\u00e9 son UC&amp;C Summit 2021 h\u00e9berg\u00e9 en ligne cette ann\u00e9e. Lors de cet \u00e9v\u00e9nement, la soci\u00e9t\u00e9 a d\u00e9voil\u00e9 une nouvelle gamme de logiciels et de solutions qui, ensemble, cr\u00e9ent la premi\u00e8re [&hellip;]<\/p>\n","protected":false},"author":6,"featured_media":7915482,"parent":0,"comment_status":"closed","ping_status":"closed","sticky":false,"template":"","format":"standard","meta":{"_acf_changed":false,"site-sidebar-layout":"default","site-content-layout":"default","ast-site-content-layout":"default","site-content-style":"default","site-sidebar-style":"default","ast-global-header-display":"","ast-banner-title-visibility":"","ast-main-header-display":"","ast-hfb-above-header-display":"","ast-hfb-below-header-display":"","ast-hfb-mobile-header-display":"","site-post-title":"","ast-breadcrumbs-content":"","ast-featured-img":"","footer-sml-layout":"","ast-disable-related-posts":"","theme-transparent-header-meta":"default","adv-header-id-meta":"","stick-header-meta":"","header-above-stick-meta":"","header-main-stick-meta":"","header-below-stick-meta":"","astra-migrate-meta-layouts":"default","ast-page-background-enabled":"default","ast-page-background-meta":{"desktop":{"background-color":"var(--ast-global-color-4)","background-image":"","background-repeat":"repeat","background-position":"center center","background-size":"auto","background-attachment":"scroll","background-type":"","background-media":"","overlay-type":"","overlay-color":"","overlay-opacity":"","overlay-gradient":""},"tablet":{"background-color":"","background-image":"","background-repeat":"repeat","background-position":"center center","background-size":"auto","background-attachment":"scroll","background-type":"","background-media":"","overlay-type":"","overlay-color":"","overlay-opacity":"","overlay-gradient":""},"mobile":{"background-color":"","background-image":"","background-repeat":"repeat","background-position":"center center","background-size":"auto","background-attachment":"scroll","background-type":"","background-media":"","overlay-type":"","overlay-color":"","overlay-opacity":"","overlay-gradient":""}},"ast-content-background-meta":{"desktop":{"background-color":"var(--ast-global-color-5)","background-image":"","background-repeat":"repeat","background-position":"center center","background-size":"auto","background-attachment":"scroll","background-type":"","background-media":"","overlay-type":"","overlay-color":"","overlay-opacity":"","overlay-gradient":""},"tablet":{"background-color":"var(--ast-global-color-5)","background-image":"","background-repeat":"repeat","background-position":"center center","background-size":"auto","background-attachment":"scroll","background-type":"","background-media":"","overlay-type":"","overlay-color":"","overlay-opacity":"","overlay-gradient":""},"mobile":{"background-color":"var(--ast-global-color-5)","background-image":"","background-repeat":"repeat","background-position":"center center","background-size":"auto","background-attachment":"scroll","background-type":"","background-media":"","overlay-type":"","overlay-color":"","overlay-opacity":"","overlay-gradient":""}},"_jet_sm_ready_style":"","_jet_sm_style":"","_jet_sm_controls_values":"","_jet_sm_fonts_collection":"","_jet_sm_fonts_links":"","footnotes":""},"categories":[366],"tags":[],"class_list":["post-7921979","post","type-post","status-publish","format-standard","has-post-thumbnail","hentry","category-news-fra"],"acf":[],"yoast_head":"<!-- This site is optimized with the Yoast SEO plugin v27.4 - https:\/\/yoast.com\/product\/yoast-seo-wordpress\/ -->\n<title>Wildix lance la premi\u00e8re plateforme de communication pour augmenter les ventes lors de l\u2019UC&amp;C Summit 2021<\/title>\n<meta name=\"description\" content=\"Wildix, le fournisseur mondial de syst\u00e8mes de collaboration dans le Cloud bas\u00e9s sur le WebRTC, a r\u00e9cemment cl\u00f4tur\u00e9 son UC&amp;C Summit 2021 h\u00e9berg\u00e9 en ligne cette ann\u00e9e.\" \/>\n<meta name=\"robots\" content=\"index, follow, max-snippet:-1, max-image-preview:large, max-video-preview:-1\" \/>\n<meta property=\"og:locale\" content=\"fr_FR\" \/>\n<meta property=\"og:type\" content=\"article\" \/>\n<meta property=\"og:title\" content=\"Wildix lance la premi\u00e8re plateforme de communication pour augmenter les ventes lors de l\u2019UC&amp;C Summit 2021\" \/>\n<meta property=\"og:description\" content=\"Wildix, le fournisseur mondial de syst\u00e8mes de collaboration dans le Cloud bas\u00e9s sur le WebRTC, a r\u00e9cemment cl\u00f4tur\u00e9 son UC&amp;C Summit 2021 h\u00e9berg\u00e9 en ligne cette ann\u00e9e.\" \/>\n<meta property=\"og:url\" content=\"https:\/\/www.wildix.com\/fr\/wildix-ucc-summit-2021-communique-de-presse\/\" \/>\n<meta property=\"og:site_name\" content=\"Wildix\" \/>\n<meta property=\"article:publisher\" content=\"https:\/\/www.facebook.com\/groups\/wildixtechwizards\/?mibextid=6NoCDW\" \/>\n<meta property=\"article:published_time\" content=\"2021-01-18T21:08:14+00:00\" \/>\n<meta property=\"article:modified_time\" content=\"2022-12-20T08:43:30+00:00\" \/>\n<meta property=\"og:image\" content=\"https:\/\/www.wildix.com\/wp-content\/uploads\/2021\/01\/ucc-summit-2021-steve-osler.jpg\" \/>\n\t<meta property=\"og:image:width\" content=\"1200\" \/>\n\t<meta property=\"og:image:height\" content=\"674\" \/>\n\t<meta property=\"og:image:type\" content=\"image\/jpeg\" \/>\n<meta name=\"author\" content=\"annalisa.toniatti@wildix.com\" \/>\n<meta name=\"twitter:card\" content=\"summary_large_image\" \/>\n<meta name=\"twitter:image\" content=\"https:\/\/www.wildix.com\/wp-content\/uploads\/2021\/01\/ucc-summit-2021-steve-osler.jpg\" \/>\n<meta name=\"twitter:creator\" content=\"@wildix_\" \/>\n<meta name=\"twitter:site\" content=\"@wildix_\" \/>\n<meta name=\"twitter:label1\" content=\"\u00c9crit par\" \/>\n\t<meta name=\"twitter:data1\" content=\"annalisa.toniatti@wildix.com\" \/>\n\t<meta name=\"twitter:label2\" content=\"Dur\u00e9e de lecture estim\u00e9e\" \/>\n\t<meta name=\"twitter:data2\" content=\"5 minutes\" \/>\n<!-- \/ Yoast SEO plugin. -->","yoast_head_json":{"title":"Wildix lance la premi\u00e8re plateforme de communication pour augmenter les ventes lors de l\u2019UC&C Summit 2021","description":"Wildix, le fournisseur mondial de syst\u00e8mes de collaboration dans le Cloud bas\u00e9s sur le WebRTC, a r\u00e9cemment cl\u00f4tur\u00e9 son UC&C Summit 2021 h\u00e9berg\u00e9 en ligne cette ann\u00e9e.","robots":{"index":"index","follow":"follow","max-snippet":"max-snippet:-1","max-image-preview":"max-image-preview:large","max-video-preview":"max-video-preview:-1"},"og_locale":"fr_FR","og_type":"article","og_title":"Wildix lance la premi\u00e8re plateforme de communication pour augmenter les ventes lors de l\u2019UC&C Summit 2021","og_description":"Wildix, le fournisseur mondial de syst\u00e8mes de collaboration dans le Cloud bas\u00e9s sur le WebRTC, a r\u00e9cemment cl\u00f4tur\u00e9 son UC&C Summit 2021 h\u00e9berg\u00e9 en ligne cette ann\u00e9e.","og_url":"https:\/\/www.wildix.com\/fr\/wildix-ucc-summit-2021-communique-de-presse\/","og_site_name":"Wildix","article_publisher":"https:\/\/www.facebook.com\/groups\/wildixtechwizards\/?mibextid=6NoCDW","article_published_time":"2021-01-18T21:08:14+00:00","article_modified_time":"2022-12-20T08:43:30+00:00","og_image":[{"width":1200,"height":674,"url":"https:\/\/www.wildix.com\/wp-content\/uploads\/2021\/01\/ucc-summit-2021-steve-osler.jpg","type":"image\/jpeg"}],"author":"annalisa.toniatti@wildix.com","twitter_card":"summary_large_image","twitter_image":"https:\/\/www.wildix.com\/wp-content\/uploads\/2021\/01\/ucc-summit-2021-steve-osler.jpg","twitter_creator":"@wildix_","twitter_site":"@wildix_","twitter_misc":{"\u00c9crit par":"annalisa.toniatti@wildix.com","Dur\u00e9e de lecture estim\u00e9e":"5 minutes"},"schema":{"@context":"https:\/\/schema.org","@graph":[{"@type":"Article","@id":"https:\/\/www.wildix.com\/fr\/wildix-ucc-summit-2021-communique-de-presse\/#article","isPartOf":{"@id":"https:\/\/www.wildix.com\/fr\/wildix-ucc-summit-2021-communique-de-presse\/"},"author":{"name":"annalisa.toniatti@wildix.com","@id":"https:\/\/www.wildix.com\/fr\/#\/schema\/person\/1ae0802177eafd0e9bfb52cbbcbbbd11"},"headline":"Wildix lance la premi\u00e8re plateforme de communication pour augmenter les ventes lors de l\u2019UC&#038;C Summit 2021","datePublished":"2021-01-18T21:08:14+00:00","dateModified":"2022-12-20T08:43:30+00:00","mainEntityOfPage":{"@id":"https:\/\/www.wildix.com\/fr\/wildix-ucc-summit-2021-communique-de-presse\/"},"wordCount":756,"publisher":{"@id":"https:\/\/www.wildix.com\/fr\/#organization"},"image":{"@id":"https:\/\/www.wildix.com\/fr\/wildix-ucc-summit-2021-communique-de-presse\/#primaryimage"},"thumbnailUrl":"https:\/\/www.wildix.com\/wp-content\/uploads\/2022\/05\/ucc-summit-2021-steve-osler.jpg","articleSection":["News FRA"],"inLanguage":"fr-FR"},{"@type":"WebPage","@id":"https:\/\/www.wildix.com\/fr\/wildix-ucc-summit-2021-communique-de-presse\/","url":"https:\/\/www.wildix.com\/fr\/wildix-ucc-summit-2021-communique-de-presse\/","name":"Wildix lance la premi\u00e8re plateforme de communication pour augmenter les ventes lors de l\u2019UC&C Summit 2021","isPartOf":{"@id":"https:\/\/www.wildix.com\/fr\/#website"},"primaryImageOfPage":{"@id":"https:\/\/www.wildix.com\/fr\/wildix-ucc-summit-2021-communique-de-presse\/#primaryimage"},"image":{"@id":"https:\/\/www.wildix.com\/fr\/wildix-ucc-summit-2021-communique-de-presse\/#primaryimage"},"thumbnailUrl":"https:\/\/www.wildix.com\/wp-content\/uploads\/2022\/05\/ucc-summit-2021-steve-osler.jpg","datePublished":"2021-01-18T21:08:14+00:00","dateModified":"2022-12-20T08:43:30+00:00","description":"Wildix, le fournisseur mondial de syst\u00e8mes de collaboration dans le Cloud bas\u00e9s sur le WebRTC, a r\u00e9cemment cl\u00f4tur\u00e9 son UC&C Summit 2021 h\u00e9berg\u00e9 en ligne cette ann\u00e9e.","breadcrumb":{"@id":"https:\/\/www.wildix.com\/fr\/wildix-ucc-summit-2021-communique-de-presse\/#breadcrumb"},"inLanguage":"fr-FR","potentialAction":[{"@type":"ReadAction","target":["https:\/\/www.wildix.com\/fr\/wildix-ucc-summit-2021-communique-de-presse\/"]}]},{"@type":"ImageObject","inLanguage":"fr-FR","@id":"https:\/\/www.wildix.com\/fr\/wildix-ucc-summit-2021-communique-de-presse\/#primaryimage","url":"https:\/\/www.wildix.com\/wp-content\/uploads\/2022\/05\/ucc-summit-2021-steve-osler.jpg","contentUrl":"https:\/\/www.wildix.com\/wp-content\/uploads\/2022\/05\/ucc-summit-2021-steve-osler.jpg","width":1200,"height":674,"caption":"UC&C Summit 2021 - Wildix Talks the First Communication Platform for Increasing Sales at UC&C Summit 2021"},{"@type":"BreadcrumbList","@id":"https:\/\/www.wildix.com\/fr\/wildix-ucc-summit-2021-communique-de-presse\/#breadcrumb","itemListElement":[{"@type":"ListItem","position":1,"name":"Home","item":"https:\/\/www.wildix.com\/fr\/home-copy\/"},{"@type":"ListItem","position":2,"name":"Wildix lance la premi\u00e8re plateforme de communication pour augmenter les ventes lors de l\u2019UC&#038;C Summit 2021"}]},{"@type":"WebSite","@id":"https:\/\/www.wildix.com\/fr\/#website","url":"https:\/\/www.wildix.com\/fr\/","name":"Wildix","description":"","publisher":{"@id":"https:\/\/www.wildix.com\/fr\/#organization"},"potentialAction":[{"@type":"SearchAction","target":{"@type":"EntryPoint","urlTemplate":"https:\/\/www.wildix.com\/fr\/?s={search_term_string}"},"query-input":{"@type":"PropertyValueSpecification","valueRequired":true,"valueName":"search_term_string"}}],"inLanguage":"fr-FR"},{"@type":"Organization","@id":"https:\/\/www.wildix.com\/fr\/#organization","name":"Wildix","url":"https:\/\/www.wildix.com\/fr\/","logo":{"@type":"ImageObject","inLanguage":"fr-FR","@id":"https:\/\/www.wildix.com\/fr\/#\/schema\/logo\/image\/","url":"https:\/\/www.wildix.com\/wp-content\/uploads\/2021\/09\/logo-1.svg","contentUrl":"https:\/\/www.wildix.com\/wp-content\/uploads\/2021\/09\/logo-1.svg","caption":"Wildix"},"image":{"@id":"https:\/\/www.wildix.com\/fr\/#\/schema\/logo\/image\/"},"sameAs":["https:\/\/www.facebook.com\/groups\/wildixtechwizards\/?mibextid=6NoCDW","https:\/\/x.com\/wildix_"]},{"@type":"Person","@id":"https:\/\/www.wildix.com\/fr\/#\/schema\/person\/1ae0802177eafd0e9bfb52cbbcbbbd11","name":"annalisa.toniatti@wildix.com","image":{"@type":"ImageObject","inLanguage":"fr-FR","@id":"https:\/\/secure.gravatar.com\/avatar\/1689dadad3d928292b6346b0643231452ed142a52fd3c0b7bc11222a2c2b8102?s=96&d=mm&r=g","url":"https:\/\/secure.gravatar.com\/avatar\/1689dadad3d928292b6346b0643231452ed142a52fd3c0b7bc11222a2c2b8102?s=96&d=mm&r=g","contentUrl":"https:\/\/secure.gravatar.com\/avatar\/1689dadad3d928292b6346b0643231452ed142a52fd3c0b7bc11222a2c2b8102?s=96&d=mm&r=g","caption":"annalisa.toniatti@wildix.com"},"url":"https:\/\/www.wildix.com\/fr\/author\/annalisa-toniattiwildix-com\/"}]}},"clean_content":"Press releaseMardi 19 Janvier 2021 \u2014 Wildix, le fournisseur mondial de syst\u00e8mes de collaboration dans le Cloud bas\u00e9s sur le WebRTC, a r\u00e9cemment cl\u00f4tur\u00e9 son UC&C Summit 2021 h\u00e9berg\u00e9 en ligne cette ann\u00e9e. Lors de cet \u00e9v\u00e9nement, la soci\u00e9t\u00e9 a d\u00e9voil\u00e9 une nouvelle gamme de logiciels et de solutions qui, ensemble, cr\u00e9ent la premi\u00e8re plateforme de communication du march\u00e9 con\u00e7ue pour soutenir le processus de vente des entreprises et accro\u00eetre leur rentabilit\u00e9. L\u2019UC&C Summit a tr\u00e8s clairement mis l\u2019accent sur les mises \u00e0 jour du march\u00e9 et sur la mani\u00e8re dont les partenaires de Wildix peuvent tirer le meilleur parti des changements de l\u2019industrie. \u00ab\u00a0Ce Summit concerne les opportunit\u00e9s commerciales\u00a0\u00bb, poursuivit M. Osler. \u00ab\u00a0Il s\u2019agit en particulier de la fa\u00e7on dont l\u2019ann\u00e9e \u00e9coul\u00e9e a introduit le changement en mati\u00e8re de technologie. Pour nous tous, la technologie est devenue le nouveau cadre permanent de nos modes de vie. C\u2019est pourquoi, aujourd\u2019hui plus que jamais, les fournisseurs de solutions de communication jouent un r\u00f4le \u00e9norme dans les affaires, et pourquoi ces professionnels ont le potentiel de faire une diff\u00e9rence dans les entreprises et dans la vie des gens\u00a0\u00bb. Steve Osler CEO de Wildix Ce Summit \u00e9tait dirig\u00e9 par Steve Osler, Dimitri Osler (Wildix CTO), Emiliano Tomasoni (Wildix CMO), Alberto Benigno (Wildix CSO) et Elena Kornilova (Wildix Technical Communication Manager). Un certain nombre d\u2019orateurs ext\u00e9rieurs \u00e0 l\u2019organisation Wildix ont \u00e9galement particip\u00e9 \u00e0 l\u2019\u00e9v\u00e9nement, notamment Dominic Black (directeur de la recherche du groupe Cavell) et Julie Thomas (PDG de ValueSelling). Le Summit a \u00e9galement vu le d\u00e9voilement de plusieurs nouveaux ajouts au portefeuille de solutions de communication \u00e0 valeur ajout\u00e9e de Wildix. La premi\u00e8re de ces solutions \u00e9tait x-bees, une plateforme permettant d\u2019acheminer toutes les communications professionnelles \u2014 y compris les appels VoIP, les chats, les appels vid\u00e9o et autres \u2013 dans une seule interface de navigation \u2014 afin d\u2019augmenter les ventes en am\u00e9liorant les proc\u00e9dures de gestion des leads. \u00ab\u00a0Nous avons cr\u00e9\u00e9 x-bees parce que la phase de gestion principale implique plus d\u2019une personne\u00ab\u00a0, explique Dimitri Osler. \u00ab\u00a0L\u2019\u00e9quipe de vente doit souvent collaborer sur la mani\u00e8re de fournir le meilleur service et de transformer un lead en client.\u201d Dimitri Osler CTO de Wildix Construite sur la base du framework React Javascript, x-bees est la premi\u00e8re plateforme de communications unifi\u00e9es con\u00e7ue pour booster les ventes. Elle sera disponible dans sa version b\u00eata au deuxi\u00e8me trimestre 2021.Pour la partie hardware, Wildix a annonc\u00e9 DuoLED Bluetooth, une version enti\u00e8rement sans fil du casque pr\u00e9c\u00e9dent. \u00c9quip\u00e9 d\u2019un microphone, de voyants d\u2019\u00e9tat et de deux \u00e9couteurs confortablement rembourr\u00e9s, l\u2018appareil sera disponible \u00e0 la vente au premier trimestre de 2021.\u00c9galement pr\u00e9sent\u00e9e, x-caracal, la solution de Wildix pour le suivi des leads et des clients tout au long du processus de vente. Tout comme un outil de statistiques ACD, x-caracal surveille les communications de l\u2019entreprise avec les clients potentiels externes, ce qui permet de savoir en interne quels \u00e9l\u00e9ments du tunnel de vente fonctionnent bien et ce qui peut \u00eatre am\u00e9lior\u00e9. La sortie de x-caracal est elle pr\u00e9vue pour le 1ier trimestre 2021L\u2019autre annonce de ce Summit est la solution tout-en-un de Wildix, Wizywebinar, permettant la cr\u00e9ation, l\u2019h\u00e9bergement et l\u2019invitation de clients potentiels \u00e0 des webinars. La sortie de Wizywebinar est pr\u00e9vue pour le 1ier trimestre 2021, avec l\u2019int\u00e9gration compl\u00e8te \u00e0 Wizyconf Station.En cl\u00f4ture de l\u2019\u00e9v\u00e9nement, Wildix a dress\u00e9 le top 11 des partenaires les plus formants pour l\u2019ann\u00e9e 2020, tout en annon\u00e7ant que la soci\u00e9t\u00e9 \u00e9largira son programme de r\u00e9compenses afin d\u2019encourager davantage les taux \u00e9lev\u00e9s de revenus mensuels r\u00e9currents au cours de l\u2019ann\u00e9e \u00e0 venir. \u00ab\u00a0En 2020, nous vous avons distribu\u00e9 un demi-million de dollars de bonus sous forme de remises et de rabais\u00a0\u00bb, a d\u00e9clar\u00e9 Alberto Benigno. \u00ab\u00a0En ces temps extraordinaires, nous avons d\u00e9velopp\u00e9 le programme de r\u00e9compenses Wildix. Nous allons introduire une incitation sp\u00e9ciale non seulement pour les meilleurs r\u00e9sultats, mais aussi pour les entreprises les plus florissantes. De cette fa\u00e7on, personne n\u2019est exclu du programme de r\u00e9compenses Wildix\u00a0\u00bb. Alberto Benigno CSO de Wildix","clean_excerpt":"Press releaseMardi 19 Janvier 2021 \u2014 Wildix, le fournisseur mondial de syst\u00e8mes de collaboration dans le Cloud bas\u00e9s sur le WebRTC, a r\u00e9cemment cl\u00f4tur\u00e9 son UC&C Summit 2021 h\u00e9berg\u00e9 en ligne cette ann\u00e9e. Lors de cet \u00e9v\u00e9nement, la soci\u00e9t\u00e9 a d\u00e9voil\u00e9 une nouvelle gamme de logiciels et de solutions qui, ensemble, cr\u00e9ent la premi\u00e8re plateforme...","_links":{"self":[{"href":"https:\/\/www.wildix.com\/fr\/wp-json\/wp\/v2\/posts\/7921979","targetHints":{"allow":["GET"]}}],"collection":[{"href":"https:\/\/www.wildix.com\/fr\/wp-json\/wp\/v2\/posts"}],"about":[{"href":"https:\/\/www.wildix.com\/fr\/wp-json\/wp\/v2\/types\/post"}],"author":[{"embeddable":true,"href":"https:\/\/www.wildix.com\/fr\/wp-json\/wp\/v2\/users\/6"}],"replies":[{"embeddable":true,"href":"https:\/\/www.wildix.com\/fr\/wp-json\/wp\/v2\/comments?post=7921979"}],"version-history":[{"count":0,"href":"https:\/\/www.wildix.com\/fr\/wp-json\/wp\/v2\/posts\/7921979\/revisions"}],"wp:featuredmedia":[{"embeddable":true,"href":"https:\/\/www.wildix.com\/fr\/wp-json\/wp\/v2\/media\/7915482"}],"wp:attachment":[{"href":"https:\/\/www.wildix.com\/fr\/wp-json\/wp\/v2\/media?parent=7921979"}],"wp:term":[{"taxonomy":"category","embeddable":true,"href":"https:\/\/www.wildix.com\/fr\/wp-json\/wp\/v2\/categories?post=7921979"},{"taxonomy":"post_tag","embeddable":true,"href":"https:\/\/www.wildix.com\/fr\/wp-json\/wp\/v2\/tags?post=7921979"}],"curies":[{"name":"wp","href":"https:\/\/api.w.org\/{rel}","templated":true}]}}