{"id":7921354,"date":"2022-05-03T08:40:58","date_gmt":"2022-05-03T06:40:58","guid":{"rendered":"https:\/\/www.wildix.com\/wildix-participa-en-congresoexpo-aslan2022\/"},"modified":"2022-12-22T10:39:19","modified_gmt":"2022-12-22T09:39:19","slug":"wildix-participa-en-congresoexpo-aslan2022","status":"publish","type":"post","link":"https:\/\/www.wildix.com\/es\/wildix-participa-en-congresoexpo-aslan2022\/","title":{"rendered":"Wildix participa en Congreso&#038;EXPO ASLAN2022"},"content":{"rendered":"\t\t<div data-elementor-type=\"wp-post\" data-elementor-id=\"7921354\" class=\"elementor elementor-7921354\" data-elementor-post-type=\"post\">\n\t\t\t\t\t\t<section class=\"elementor-section elementor-top-section elementor-element elementor-element-74526c5b elementor-section-boxed elementor-section-height-default elementor-section-height-default\" data-id=\"74526c5b\" data-element_type=\"section\" data-e-type=\"section\" data-settings=\"{&quot;jet_parallax_layout_list&quot;:[]}\">\n\t\t\t\t\t\t<div class=\"elementor-container elementor-column-gap-default\">\n\t\t\t\t\t<div class=\"elementor-column elementor-col-100 elementor-top-column elementor-element elementor-element-7b06084\" data-id=\"7b06084\" data-element_type=\"column\" data-e-type=\"column\">\n\t\t\t<div class=\"elementor-widget-wrap elementor-element-populated\">\n\t\t\t\t\t\t<div class=\"elementor-element elementor-element-75f9b454 elementor-widget elementor-widget-text-editor\" data-id=\"75f9b454\" data-element_type=\"widget\" data-e-type=\"widget\" data-widget_type=\"text-editor.default\">\n\t\t\t\t<div class=\"elementor-widget-container\">\n\t\t\t\t\t\t\t\t\t<p><span style=\"background-color: #003366; color: #ffffff; padding: 10px 10px 10px 10px; border-radius: 3px;\">Nota de Prensa<\/span><\/p><p>Wildix presentar\u00e1 sus soluciones, herramientas y nuevas integraciones durante la XXIX edici\u00f3n del Congreso&amp;EXPO ASLAN2022, que se celebrar\u00e1 en el Palacio Municipal de Congresos de Ifema el pr\u00f3ximo 18 y 19 de mayo.<\/p><div class=\" vc_custom_1651565969681\"><div id=\"text-block-5\" class=\"mk-text-block jupiter-donut- \"><p>El Congreso&amp;EXPO ASLAN2022, que re\u00fane a m\u00e1s de 7.500 profesionales dentro de un gran ecosistema de l\u00edderes en Innovaci\u00f3n IT, expertos de Transformaci\u00f3n Digital, Integradores de Sistemas y Managed Service Providers, tendr\u00e1 como objetivo movilizar a las empresas hacia la transformaci\u00f3n digital y resiliencia econ\u00f3mica nacional tras la llegada de los Fondos Next Generation de la Uni\u00f3n Europea.<\/p><p>Durante estos \u00faltimos a\u00f1os, el universo empresarial ha experimentado nuevos cambios gracias a la llegada de la integraci\u00f3n de sistemas y aplicaciones. Actualmente, las empresas han descubierto la necesidad de integraci\u00f3n de distintos softwares y aplicaciones. Adem\u00e1s, la ciberseguridad as\u00ed como los puestos de trabajo digitales, ser\u00e1n dos temas protagonistas durante esta cita anual del Congreso.<\/p><p>Wildix presenta muchas ventajas a trav\u00e9s del desarrollo de arquitecturas orientadas al servicio, como estrategia de negocio e integraci\u00f3n, para los Proveedores de Servicios Gestionados, porque permite unir los objetivos de negocio con la infraestructura IT. Al alinear las capacidades IT con las metas de las organizaciones, podr\u00e1s ofrecer de manera f\u00e1cil y r\u00e1pida soluciones de negocio de alta capacidad.<\/p><\/div><\/div>\t\t\t\t\t\t\t\t<\/div>\n\t\t\t\t<\/div>\n\t\t\t\t\t<\/div>\n\t\t<\/div>\n\t\t\t\t\t<\/div>\n\t\t<\/section>\n\t\t\t\t<section class=\"elementor-section elementor-top-section elementor-element elementor-element-5f8f8c8 elementor-section-boxed elementor-section-height-default elementor-section-height-default\" data-id=\"5f8f8c8\" data-element_type=\"section\" data-e-type=\"section\" data-settings=\"{&quot;jet_parallax_layout_list&quot;:[]}\">\n\t\t\t\t\t\t<div class=\"elementor-container elementor-column-gap-default\">\n\t\t\t\t\t<div class=\"elementor-column elementor-col-100 elementor-top-column elementor-element elementor-element-f49bcac\" data-id=\"f49bcac\" data-element_type=\"column\" data-e-type=\"column\">\n\t\t\t<div class=\"elementor-widget-wrap elementor-element-populated\">\n\t\t\t\t\t\t<div class=\"elementor-element elementor-element-4c270e43 testimonials-block elementor-widget elementor-widget-testimonial\" data-id=\"4c270e43\" data-element_type=\"widget\" data-e-type=\"widget\" data-widget_type=\"testimonial.default\">\n\t\t\t\t<div class=\"elementor-widget-container\">\n\t\t\t\t\t\t\t<div class=\"elementor-testimonial-wrapper\">\n\t\t\t\t\t\t\t<div class=\"elementor-testimonial-content\">\u201cLas circunstancias actuales han creado muchas oportunidades en el negocio de las Comunicaciones Unificadas. Wildix ofrece la oportunidad de crear la soluci\u00f3n m\u00e1s completa y adaptada para cada cliente. En el nuevo contexto del uso de aplicaciones integradas en el espacio de trabajo virtual, destacamos por la flexibilidad que aporta nuestra plataforma para los desarrolladores e integradores. Este a\u00f1o, en Aslan mostraremos al p\u00fablico nuevas soluciones que cumplen con la demanda actual del mercado dentro del contexto de soluciones flexibles y 100% seguras\u201d. Alfonso Boedo, Country Manager Wildix Espa\u00f1a.\"<\/div>\n\t\t\t\n\t\t\t\t\t\t<div class=\"elementor-testimonial-meta elementor-has-image elementor-testimonial-image-position-aside\">\n\t\t\t\t<div class=\"elementor-testimonial-meta-inner\">\n\t\t\t\t\t\t\t\t\t\t\t<div class=\"elementor-testimonial-image\">\n\t\t\t\t\t\t\t<img decoding=\"async\" width=\"138\" height=\"138\" src=\"https:\/\/www.wildix.com\/wp-content\/uploads\/2022\/05\/thumb_50940-pnl6d01l9dh89kkqu1bkw1ojkw1ggtubd7ayjiyktg.png\" class=\"attachment-thumbnail size-thumbnail wp-image-7965308\" alt=\"\" \/>\t\t\t\t\t\t<\/div>\n\t\t\t\t\t\n\t\t\t\t\t\t\t\t\t\t<div class=\"elementor-testimonial-details\">\n\t\t\t\t\t\t\t\t\t\t\t\t\t\t<div class=\"elementor-testimonial-name\">Alfonso Boedo<\/div>\n\t\t\t\t\t\t\t\t\t\t\t\t\t\t\t\t\t\t\t\t\t\t<div class=\"elementor-testimonial-job\">Country Manager Wildix Espa\u00f1a<\/div>\n\t\t\t\t\t\t\t\t\t\t\t\t\t<\/div>\n\t\t\t\t\t\t\t\t\t<\/div>\n\t\t\t<\/div>\n\t\t\t\t\t<\/div>\n\t\t\t\t\t\t<\/div>\n\t\t\t\t<\/div>\n\t\t\t\t<div class=\"elementor-element elementor-element-c4a1372 elementor-widget elementor-widget-text-editor\" data-id=\"c4a1372\" data-element_type=\"widget\" data-e-type=\"widget\" data-widget_type=\"text-editor.default\">\n\t\t\t\t<div class=\"elementor-widget-container\">\n\t\t\t\t\t\t\t\t\t<p>Wildix, como empresa asociada a Aslan desde 2019,\u00a0<strong>expondr\u00e1 sus soluciones en el Stand 04 ubicado en la tercera planta del Palacio Municipal de Congresos de Ifema el 18 y 19 de mayo<\/strong>\u00a0y tambi\u00e9n se presentar\u00e1 en el \u201c<a href=\"https:\/\/aslan.es\/plataformas-de-comunicaciones-de-nueva-generacion-para-nuevos-modelos-de-negocio\/\" target=\"_blank\" rel=\"noopener\">Innovation Area Digital Workspace<\/a>\u201d el d\u00eda 18 de mayo a las 11:40 a trav\u00e9s del tema: Plataformas de Comunicaciones de Nueva Generaci\u00f3n para Nuevos Modelos de Negocios.<\/p><p>Accede a todos los detalles de Wildix en El Congreso&amp;EXPO ASLAN2022 en:\u00a0<a href=\"https:\/\/aslan.es\/congreso2022\/empresas-participantes\/#organizacion_303736\" target=\"_blank\" rel=\"noopener\">aslan<\/a>.<\/p>\t\t\t\t\t\t\t\t<\/div>\n\t\t\t\t<\/div>\n\t\t\t\t<div class=\"elementor-element elementor-element-2fa9c64 elementor-widget elementor-widget-image\" data-id=\"2fa9c64\" data-element_type=\"widget\" data-e-type=\"widget\" data-widget_type=\"image.default\">\n\t\t\t\t<div class=\"elementor-widget-container\">\n\t\t\t\t\t\t\t\t\t\t\t\t\t\t\t<img fetchpriority=\"high\" decoding=\"async\" width=\"1024\" height=\"532\" src=\"https:\/\/www.wildix.com\/wp-content\/uploads\/2022\/05\/wildix-participa-en-congresoexpo-aslan2022-1-1024x532.jpg\" class=\"attachment-large size-large wp-image-7958556\" alt=\"\" srcset=\"https:\/\/www.wildix.com\/wp-content\/uploads\/2022\/05\/wildix-participa-en-congresoexpo-aslan2022-1-1024x532.jpg 1024w, https:\/\/www.wildix.com\/wp-content\/uploads\/2022\/05\/wildix-participa-en-congresoexpo-aslan2022-1-300x156.jpg 300w, https:\/\/www.wildix.com\/wp-content\/uploads\/2022\/05\/wildix-participa-en-congresoexpo-aslan2022-1-768x399.jpg 768w, https:\/\/www.wildix.com\/wp-content\/uploads\/2022\/05\/wildix-participa-en-congresoexpo-aslan2022-1.jpg 1200w\" sizes=\"(max-width: 1024px) 100vw, 1024px\" \/>\t\t\t\t\t\t\t\t\t\t\t\t\t\t\t<\/div>\n\t\t\t\t<\/div>\n\t\t\t\t<div class=\"elementor-element elementor-element-b99a523 elementor-align-center elementor-widget elementor-widget-button\" data-id=\"b99a523\" data-element_type=\"widget\" data-e-type=\"widget\" data-widget_type=\"button.default\">\n\t\t\t\t<div class=\"elementor-widget-container\">\n\t\t\t\t\t\t\t\t\t<div class=\"elementor-button-wrapper\">\n\t\t\t\t\t<a class=\"elementor-button elementor-button-link elementor-size-sm\" href=\"https:\/\/aslan.es\/congreso2022\/empresas-participantes\/#organizacion_303736\">\n\t\t\t\t\t\t<span class=\"elementor-button-content-wrapper\">\n\t\t\t\t\t\t\t\t\t<span class=\"elementor-button-text\">El Congreso&amp;EXPO ASLAN2022<\/span>\n\t\t\t\t\t<\/span>\n\t\t\t\t\t<\/a>\n\t\t\t\t<\/div>\n\t\t\t\t\t\t\t\t<\/div>\n\t\t\t\t<\/div>\n\t\t\t\t\t<\/div>\n\t\t<\/div>\n\t\t\t\t\t<\/div>\n\t\t<\/section>\n\t\t\t\t<\/div>\n\t\t","protected":false},"excerpt":{"rendered":"<p>Nota de Prensa Wildix presentar\u00e1 sus soluciones, herramientas y nuevas integraciones durante la XXIX edici\u00f3n del Congreso&amp;EXPO ASLAN2022, que se celebrar\u00e1 en el Palacio Municipal de Congresos de Ifema el pr\u00f3ximo 18 y 19 de mayo. El Congreso&amp;EXPO ASLAN2022, que re\u00fane a m\u00e1s de 7.500 profesionales dentro de un gran ecosistema de l\u00edderes en Innovaci\u00f3n [&hellip;]<\/p>\n","protected":false},"author":20,"featured_media":7921355,"parent":0,"comment_status":"open","ping_status":"open","sticky":false,"template":"","format":"standard","meta":{"_acf_changed":false,"site-sidebar-layout":"default","site-content-layout":"","ast-site-content-layout":"default","site-content-style":"default","site-sidebar-style":"default","ast-global-header-display":"","ast-banner-title-visibility":"","ast-main-header-display":"","ast-hfb-above-header-display":"","ast-hfb-below-header-display":"","ast-hfb-mobile-header-display":"","site-post-title":"","ast-breadcrumbs-content":"","ast-featured-img":"","footer-sml-layout":"","ast-disable-related-posts":"","theme-transparent-header-meta":"","adv-header-id-meta":"","stick-header-meta":"","header-above-stick-meta":"","header-main-stick-meta":"","header-below-stick-meta":"","astra-migrate-meta-layouts":"default","ast-page-background-enabled":"default","ast-page-background-meta":{"desktop":{"background-color":"var(--ast-global-color-4)","background-image":"","background-repeat":"repeat","background-position":"center center","background-size":"auto","background-attachment":"scroll","background-type":"","background-media":"","overlay-type":"","overlay-color":"","overlay-opacity":"","overlay-gradient":""},"tablet":{"background-color":"","background-image":"","background-repeat":"repeat","background-position":"center center","background-size":"auto","background-attachment":"scroll","background-type":"","background-media":"","overlay-type":"","overlay-color":"","overlay-opacity":"","overlay-gradient":""},"mobile":{"background-color":"","background-image":"","background-repeat":"repeat","background-position":"center center","background-size":"auto","background-attachment":"scroll","background-type":"","background-media":"","overlay-type":"","overlay-color":"","overlay-opacity":"","overlay-gradient":""}},"ast-content-background-meta":{"desktop":{"background-color":"var(--ast-global-color-5)","background-image":"","background-repeat":"repeat","background-position":"center center","background-size":"auto","background-attachment":"scroll","background-type":"","background-media":"","overlay-type":"","overlay-color":"","overlay-opacity":"","overlay-gradient":""},"tablet":{"background-color":"var(--ast-global-color-5)","background-image":"","background-repeat":"repeat","background-position":"center center","background-size":"auto","background-attachment":"scroll","background-type":"","background-media":"","overlay-type":"","overlay-color":"","overlay-opacity":"","overlay-gradient":""},"mobile":{"background-color":"var(--ast-global-color-5)","background-image":"","background-repeat":"repeat","background-position":"center center","background-size":"auto","background-attachment":"scroll","background-type":"","background-media":"","overlay-type":"","overlay-color":"","overlay-opacity":"","overlay-gradient":""}},"_jet_sm_ready_style":"","_jet_sm_style":"","_jet_sm_controls_values":"","_jet_sm_fonts_collection":"","_jet_sm_fonts_links":"","footnotes":""},"categories":[28],"tags":[],"class_list":["post-7921354","post","type-post","status-publish","format-standard","has-post-thumbnail","hentry","category-sin-categorizar"],"acf":[],"yoast_head":"<!-- This site is optimized with the Yoast SEO plugin v27.4 - https:\/\/yoast.com\/product\/yoast-seo-wordpress\/ -->\n<title>Wildix participa en Congreso&amp;EXPO ASLAN2022 | Wildix<\/title>\n<meta name=\"description\" content=\"Wildix presentar\u00e1 un a\u00f1o m\u00e1s sus soluciones de alta capacidad en el Congreso Aslan 2022\" \/>\n<meta name=\"robots\" content=\"index, follow, max-snippet:-1, max-image-preview:large, max-video-preview:-1\" \/>\n<meta property=\"og:locale\" content=\"es_ES\" \/>\n<meta property=\"og:type\" content=\"article\" \/>\n<meta property=\"og:title\" content=\"Wildix participa en Congreso&amp;EXPO ASLAN2022 | Wildix\" \/>\n<meta property=\"og:description\" content=\"Wildix presentar\u00e1 un a\u00f1o m\u00e1s sus soluciones de alta capacidad en el Congreso Aslan 2022\" \/>\n<meta property=\"og:url\" content=\"https:\/\/www.wildix.com\/es\/wildix-participa-en-congresoexpo-aslan2022\/\" \/>\n<meta property=\"og:site_name\" content=\"Wildix\" \/>\n<meta property=\"article:publisher\" content=\"https:\/\/www.facebook.com\/groups\/wildixtechwizards\/?mibextid=6NoCDW\" \/>\n<meta property=\"article:published_time\" content=\"2022-05-03T06:40:58+00:00\" \/>\n<meta property=\"article:modified_time\" content=\"2022-12-22T09:39:19+00:00\" \/>\n<meta name=\"author\" content=\"Ivan Michelazzi\" \/>\n<meta name=\"twitter:card\" content=\"summary_large_image\" \/>\n<meta name=\"twitter:creator\" content=\"@wildix_\" \/>\n<meta name=\"twitter:site\" content=\"@wildix_\" \/>\n<meta name=\"twitter:label1\" content=\"Escrito por\" \/>\n\t<meta name=\"twitter:data1\" content=\"Ivan Michelazzi\" \/>\n\t<meta name=\"twitter:label2\" content=\"Tiempo de lectura\" \/>\n\t<meta name=\"twitter:data2\" content=\"3 minutos\" \/>\n<!-- \/ Yoast SEO plugin. -->","yoast_head_json":{"title":"Wildix participa en Congreso&EXPO ASLAN2022 | Wildix","description":"Wildix presentar\u00e1 un a\u00f1o m\u00e1s sus soluciones de alta capacidad en el Congreso Aslan 2022","robots":{"index":"index","follow":"follow","max-snippet":"max-snippet:-1","max-image-preview":"max-image-preview:large","max-video-preview":"max-video-preview:-1"},"og_locale":"es_ES","og_type":"article","og_title":"Wildix participa en Congreso&EXPO ASLAN2022 | Wildix","og_description":"Wildix presentar\u00e1 un a\u00f1o m\u00e1s sus soluciones de alta capacidad en el Congreso Aslan 2022","og_url":"https:\/\/www.wildix.com\/es\/wildix-participa-en-congresoexpo-aslan2022\/","og_site_name":"Wildix","article_publisher":"https:\/\/www.facebook.com\/groups\/wildixtechwizards\/?mibextid=6NoCDW","article_published_time":"2022-05-03T06:40:58+00:00","article_modified_time":"2022-12-22T09:39:19+00:00","author":"Ivan Michelazzi","twitter_card":"summary_large_image","twitter_creator":"@wildix_","twitter_site":"@wildix_","twitter_misc":{"Escrito por":"Ivan Michelazzi","Tiempo de lectura":"3 minutos"},"schema":{"@context":"https:\/\/schema.org","@graph":[{"@type":"Article","@id":"https:\/\/www.wildix.com\/es\/wildix-participa-en-congresoexpo-aslan2022\/#article","isPartOf":{"@id":"https:\/\/www.wildix.com\/es\/wildix-participa-en-congresoexpo-aslan2022\/"},"author":{"name":"Ivan Michelazzi","@id":"https:\/\/www.wildix.com\/es\/#\/schema\/person\/b1a7a7b15f760c50de71110bbde7b523"},"headline":"Wildix participa en Congreso&#038;EXPO ASLAN2022","datePublished":"2022-05-03T06:40:58+00:00","dateModified":"2022-12-22T09:39:19+00:00","mainEntityOfPage":{"@id":"https:\/\/www.wildix.com\/es\/wildix-participa-en-congresoexpo-aslan2022\/"},"wordCount":420,"commentCount":0,"publisher":{"@id":"https:\/\/www.wildix.com\/es\/#organization"},"image":{"@id":"https:\/\/www.wildix.com\/es\/wildix-participa-en-congresoexpo-aslan2022\/#primaryimage"},"thumbnailUrl":"https:\/\/www.wildix.com\/wp-content\/uploads\/2022\/05\/wildix-participa-en-congresoexpo-aslan2022.jpg","articleSection":["Sin categorizar"],"inLanguage":"es","potentialAction":[{"@type":"CommentAction","name":"Comment","target":["https:\/\/www.wildix.com\/es\/wildix-participa-en-congresoexpo-aslan2022\/#respond"]}]},{"@type":"WebPage","@id":"https:\/\/www.wildix.com\/es\/wildix-participa-en-congresoexpo-aslan2022\/","url":"https:\/\/www.wildix.com\/es\/wildix-participa-en-congresoexpo-aslan2022\/","name":"Wildix participa en Congreso&EXPO ASLAN2022 | Wildix","isPartOf":{"@id":"https:\/\/www.wildix.com\/es\/#website"},"primaryImageOfPage":{"@id":"https:\/\/www.wildix.com\/es\/wildix-participa-en-congresoexpo-aslan2022\/#primaryimage"},"image":{"@id":"https:\/\/www.wildix.com\/es\/wildix-participa-en-congresoexpo-aslan2022\/#primaryimage"},"thumbnailUrl":"https:\/\/www.wildix.com\/wp-content\/uploads\/2022\/05\/wildix-participa-en-congresoexpo-aslan2022.jpg","datePublished":"2022-05-03T06:40:58+00:00","dateModified":"2022-12-22T09:39:19+00:00","description":"Wildix presentar\u00e1 un a\u00f1o m\u00e1s sus soluciones de alta capacidad en el Congreso Aslan 2022","breadcrumb":{"@id":"https:\/\/www.wildix.com\/es\/wildix-participa-en-congresoexpo-aslan2022\/#breadcrumb"},"inLanguage":"es","potentialAction":[{"@type":"ReadAction","target":["https:\/\/www.wildix.com\/es\/wildix-participa-en-congresoexpo-aslan2022\/"]}]},{"@type":"ImageObject","inLanguage":"es","@id":"https:\/\/www.wildix.com\/es\/wildix-participa-en-congresoexpo-aslan2022\/#primaryimage","url":"https:\/\/www.wildix.com\/wp-content\/uploads\/2022\/05\/wildix-participa-en-congresoexpo-aslan2022.jpg","contentUrl":"https:\/\/www.wildix.com\/wp-content\/uploads\/2022\/05\/wildix-participa-en-congresoexpo-aslan2022.jpg","width":1200,"height":623,"caption":"Wildix participa en Congreso&EXPO ASLAN2022"},{"@type":"BreadcrumbList","@id":"https:\/\/www.wildix.com\/es\/wildix-participa-en-congresoexpo-aslan2022\/#breadcrumb","itemListElement":[{"@type":"ListItem","position":1,"name":"Home","item":"https:\/\/www.wildix.com\/es\/"},{"@type":"ListItem","position":2,"name":"Wildix participa en Congreso&#038;EXPO ASLAN2022"}]},{"@type":"WebSite","@id":"https:\/\/www.wildix.com\/es\/#website","url":"https:\/\/www.wildix.com\/es\/","name":"Wildix","description":"","publisher":{"@id":"https:\/\/www.wildix.com\/es\/#organization"},"potentialAction":[{"@type":"SearchAction","target":{"@type":"EntryPoint","urlTemplate":"https:\/\/www.wildix.com\/es\/?s={search_term_string}"},"query-input":{"@type":"PropertyValueSpecification","valueRequired":true,"valueName":"search_term_string"}}],"inLanguage":"es"},{"@type":"Organization","@id":"https:\/\/www.wildix.com\/es\/#organization","name":"Wildix","url":"https:\/\/www.wildix.com\/es\/","logo":{"@type":"ImageObject","inLanguage":"es","@id":"https:\/\/www.wildix.com\/es\/#\/schema\/logo\/image\/","url":"https:\/\/www.wildix.com\/wp-content\/uploads\/2021\/09\/logo-1.svg","contentUrl":"https:\/\/www.wildix.com\/wp-content\/uploads\/2021\/09\/logo-1.svg","caption":"Wildix"},"image":{"@id":"https:\/\/www.wildix.com\/es\/#\/schema\/logo\/image\/"},"sameAs":["https:\/\/www.facebook.com\/groups\/wildixtechwizards\/?mibextid=6NoCDW","https:\/\/x.com\/wildix_"]},{"@type":"Person","@id":"https:\/\/www.wildix.com\/es\/#\/schema\/person\/b1a7a7b15f760c50de71110bbde7b523","name":"Ivan Michelazzi","image":{"@type":"ImageObject","inLanguage":"es","@id":"https:\/\/secure.gravatar.com\/avatar\/c27dfefd7e146431d0cff8e02c3d7e9059d7015a9be1cebcdaa47131a73cd65f?s=96&d=mm&r=g","url":"https:\/\/secure.gravatar.com\/avatar\/c27dfefd7e146431d0cff8e02c3d7e9059d7015a9be1cebcdaa47131a73cd65f?s=96&d=mm&r=g","contentUrl":"https:\/\/secure.gravatar.com\/avatar\/c27dfefd7e146431d0cff8e02c3d7e9059d7015a9be1cebcdaa47131a73cd65f?s=96&d=mm&r=g","caption":"Ivan Michelazzi"},"url":"https:\/\/www.wildix.com\/es\/author\/l057u\/"}]}},"clean_content":"Nota de PrensaWildix presentar\u00e1 sus soluciones, herramientas y nuevas integraciones durante la XXIX edici\u00f3n del Congreso&EXPO ASLAN2022, que se celebrar\u00e1 en el Palacio Municipal de Congresos de Ifema el pr\u00f3ximo 18 y 19 de mayo.El Congreso&EXPO ASLAN2022, que re\u00fane a m\u00e1s de 7.500 profesionales dentro de un gran ecosistema de l\u00edderes en Innovaci\u00f3n IT, expertos de Transformaci\u00f3n Digital, Integradores de Sistemas y Managed Service Providers, tendr\u00e1 como objetivo movilizar a las empresas hacia la transformaci\u00f3n digital y resiliencia econ\u00f3mica nacional tras la llegada de los Fondos Next Generation de la Uni\u00f3n Europea.Durante estos \u00faltimos a\u00f1os, el universo empresarial ha experimentado nuevos cambios gracias a la llegada de la integraci\u00f3n de sistemas y aplicaciones. Actualmente, las empresas han descubierto la necesidad de integraci\u00f3n de distintos softwares y aplicaciones. Adem\u00e1s, la ciberseguridad as\u00ed como los puestos de trabajo digitales, ser\u00e1n dos temas protagonistas durante esta cita anual del Congreso.Wildix presenta muchas ventajas a trav\u00e9s del desarrollo de arquitecturas orientadas al servicio, como estrategia de negocio e integraci\u00f3n, para los Proveedores de Servicios Gestionados, porque permite unir los objetivos de negocio con la infraestructura IT. Al alinear las capacidades IT con las metas de las organizaciones, podr\u00e1s ofrecer de manera f\u00e1cil y r\u00e1pida soluciones de negocio de alta capacidad. \u201cLas circunstancias actuales han creado muchas oportunidades en el negocio de las Comunicaciones Unificadas. Wildix ofrece la oportunidad de crear la soluci\u00f3n m\u00e1s completa y adaptada para cada cliente. En el nuevo contexto del uso de aplicaciones integradas en el espacio de trabajo virtual, destacamos por la flexibilidad que aporta nuestra plataforma para los desarrolladores e integradores. Este a\u00f1o, en Aslan mostraremos al p\u00fablico nuevas soluciones que cumplen con la demanda actual del mercado dentro del contexto de soluciones flexibles y 100% seguras\u201d. Alfonso Boedo, Country Manager Wildix Espa\u00f1a.\" Alfonso Boedo Country Manager Wildix Espa\u00f1a Wildix, como empresa asociada a Aslan desde 2019,\u00a0expondr\u00e1 sus soluciones en el Stand 04 ubicado en la tercera planta del Palacio Municipal de Congresos de Ifema el 18 y 19 de mayo\u00a0y tambi\u00e9n se presentar\u00e1 en el \u201cInnovation Area Digital Workspace\u201d el d\u00eda 18 de mayo a las 11:40 a trav\u00e9s del tema: Plataformas de Comunicaciones de Nueva Generaci\u00f3n para Nuevos Modelos de Negocios.Accede a todos los detalles de Wildix en El Congreso&EXPO ASLAN2022 en:\u00a0aslan. El Congreso&EXPO ASLAN2022","clean_excerpt":"Nota de PrensaWildix presentar\u00e1 sus soluciones, herramientas y nuevas integraciones durante la XXIX edici\u00f3n del Congreso&EXPO ASLAN2022, que se celebrar\u00e1 en el Palacio Municipal de Congresos de Ifema el pr\u00f3ximo 18 y 19 de mayo.El Congreso&EXPO ASLAN2022, que re\u00fane a m\u00e1s de 7.500 profesionales dentro de un gran ecosistema de l\u00edderes en Innovaci\u00f3n IT, expertos...","_links":{"self":[{"href":"https:\/\/www.wildix.com\/es\/wp-json\/wp\/v2\/posts\/7921354","targetHints":{"allow":["GET"]}}],"collection":[{"href":"https:\/\/www.wildix.com\/es\/wp-json\/wp\/v2\/posts"}],"about":[{"href":"https:\/\/www.wildix.com\/es\/wp-json\/wp\/v2\/types\/post"}],"author":[{"embeddable":true,"href":"https:\/\/www.wildix.com\/es\/wp-json\/wp\/v2\/users\/20"}],"replies":[{"embeddable":true,"href":"https:\/\/www.wildix.com\/es\/wp-json\/wp\/v2\/comments?post=7921354"}],"version-history":[{"count":0,"href":"https:\/\/www.wildix.com\/es\/wp-json\/wp\/v2\/posts\/7921354\/revisions"}],"wp:featuredmedia":[{"embeddable":true,"href":"https:\/\/www.wildix.com\/es\/wp-json\/wp\/v2\/media\/7921355"}],"wp:attachment":[{"href":"https:\/\/www.wildix.com\/es\/wp-json\/wp\/v2\/media?parent=7921354"}],"wp:term":[{"taxonomy":"category","embeddable":true,"href":"https:\/\/www.wildix.com\/es\/wp-json\/wp\/v2\/categories?post=7921354"},{"taxonomy":"post_tag","embeddable":true,"href":"https:\/\/www.wildix.com\/es\/wp-json\/wp\/v2\/tags?post=7921354"}],"curies":[{"name":"wp","href":"https:\/\/api.w.org\/{rel}","templated":true}]}}