{"id":8048700,"date":"2023-08-31T01:24:17","date_gmt":"2023-08-30T23:24:17","guid":{"rendered":"https:\/\/www.wildix.com\/wildix-announces-apple-vision-pro-support\/"},"modified":"2024-03-08T10:47:14","modified_gmt":"2024-03-08T09:47:14","slug":"wildix-kuendigt-support-fuer-apple-vision-pro-an","status":"publish","type":"post","link":"https:\/\/www.wildix.com\/de\/wildix-kuendigt-support-fuer-apple-vision-pro-an\/","title":{"rendered":"Wildix k\u00fcndigt Support f\u00fcr die neue Apple\u00a0Vision\u00a0Pro\u00a0VR\u00a0an"},"content":{"rendered":"\t\t<div data-elementor-type=\"wp-post\" data-elementor-id=\"8048700\" class=\"elementor elementor-8048700 elementor-8048449\" data-elementor-post-type=\"post\">\n\t\t\t\t\t\t<section class=\"elementor-section elementor-top-section elementor-element elementor-element-7b7f8061 elementor-section-boxed elementor-section-height-default elementor-section-height-default\" data-id=\"7b7f8061\" data-element_type=\"section\" data-e-type=\"section\" data-settings=\"{&quot;jet_parallax_layout_list&quot;:[]}\">\n\t\t\t\t\t\t<div class=\"elementor-container elementor-column-gap-default\">\n\t\t\t\t\t<div class=\"elementor-column elementor-col-100 elementor-top-column elementor-element elementor-element-2fed16dc\" data-id=\"2fed16dc\" data-element_type=\"column\" data-e-type=\"column\">\n\t\t\t<div class=\"elementor-widget-wrap elementor-element-populated\">\n\t\t\t\t\t\t<section class=\"elementor-section elementor-inner-section elementor-element elementor-element-56d856f9 elementor-section-boxed elementor-section-height-default elementor-section-height-default\" data-id=\"56d856f9\" data-element_type=\"section\" data-e-type=\"section\" data-settings=\"{&quot;jet_parallax_layout_list&quot;:[]}\">\n\t\t\t\t\t\t<div class=\"elementor-container elementor-column-gap-default\">\n\t\t\t\t\t<div class=\"elementor-column elementor-col-100 elementor-inner-column elementor-element elementor-element-3cedd2c6\" data-id=\"3cedd2c6\" data-element_type=\"column\" data-e-type=\"column\">\n\t\t\t<div class=\"elementor-widget-wrap elementor-element-populated\">\n\t\t\t\t\t\t<div class=\"elementor-element elementor-element-68eb486c elementor-widget elementor-widget-text-editor\" data-id=\"68eb486c\" data-element_type=\"widget\" data-e-type=\"widget\" data-widget_type=\"text-editor.default\">\n\t\t\t\t<div class=\"elementor-widget-container\">\n\t\t\t\t\t\t\t\t\t<span style=\"background-color: #003366; color: #ffffff; padding: 10px 10px 10px 10px; border-radius: 3px;\">Pressemitteilung<\/span>\t\t\t\t\t\t\t\t<\/div>\n\t\t\t\t<\/div>\n\t\t\t\t<div class=\"elementor-element elementor-element-9c7c85d elementor-widget elementor-widget-heading\" data-id=\"9c7c85d\" data-element_type=\"widget\" data-e-type=\"widget\" data-widget_type=\"heading.default\">\n\t\t\t\t<div class=\"elementor-widget-container\">\n\t\t\t\t\t<h2 class=\"elementor-heading-title elementor-size-default\">Wildix unterst\u00fctzt die neue High-Tech-Brille von Apple und unterstreicht damit seinen Ruf als innovatives Unternehmen, das auf die vielversprechendsten Technologietrends der Zukunft setzt<\/h2>\t\t\t\t<\/div>\n\t\t\t\t<\/div>\n\t\t\t\t\t<\/div>\n\t\t<\/div>\n\t\t\t\t\t<\/div>\n\t\t<\/section>\n\t\t\t\t<section class=\"elementor-section elementor-inner-section elementor-element elementor-element-3890855b elementor-section-boxed elementor-section-height-default elementor-section-height-default\" data-id=\"3890855b\" data-element_type=\"section\" data-e-type=\"section\" data-settings=\"{&quot;jet_parallax_layout_list&quot;:[]}\">\n\t\t\t\t\t\t<div class=\"elementor-container elementor-column-gap-default\">\n\t\t\t\t\t<div class=\"elementor-column elementor-col-100 elementor-inner-column elementor-element elementor-element-2a162d1d\" data-id=\"2a162d1d\" data-element_type=\"column\" data-e-type=\"column\">\n\t\t\t<div class=\"elementor-widget-wrap elementor-element-populated\">\n\t\t\t\t\t\t<div class=\"elementor-element elementor-element-d4fd928 elementor-widget elementor-widget-text-editor\" data-id=\"d4fd928\" data-element_type=\"widget\" data-e-type=\"widget\" data-widget_type=\"text-editor.default\">\n\t\t\t\t<div class=\"elementor-widget-container\">\n\t\t\t\t\t\t\t\t\tTallinn, Estland \u2013 31. August 2023 \u2013 Wildix teilt mit, dass es die erste bekannte Unified-Communications-L\u00f6sung entwickelt hat, die das Apple Vision Pro VR-Headset unterst\u00fctzt. Die Ank\u00fcndigung kommt nur drei Monate nach der Vorstellung des Virtual-Reality-Headsets aus Cupertino.\t\t\t\t\t\t\t\t<\/div>\n\t\t\t\t<\/div>\n\t\t\t\t\t<\/div>\n\t\t<\/div>\n\t\t\t\t\t<\/div>\n\t\t<\/section>\n\t\t\t\t<section class=\"elementor-section elementor-inner-section elementor-element elementor-element-18e94fd2 elementor-section-boxed elementor-section-height-default elementor-section-height-default\" data-id=\"18e94fd2\" data-element_type=\"section\" data-e-type=\"section\" data-settings=\"{&quot;jet_parallax_layout_list&quot;:[]}\">\n\t\t\t\t\t\t<div class=\"elementor-container elementor-column-gap-default\">\n\t\t\t\t\t<div class=\"elementor-column elementor-col-50 elementor-inner-column elementor-element elementor-element-55b67bf0\" data-id=\"55b67bf0\" data-element_type=\"column\" data-e-type=\"column\">\n\t\t\t<div class=\"elementor-widget-wrap elementor-element-populated\">\n\t\t\t\t\t\t<div class=\"elementor-element elementor-element-7c32f0d4 elementor-widget elementor-widget-text-editor\" data-id=\"7c32f0d4\" data-element_type=\"widget\" data-e-type=\"widget\" data-widget_type=\"text-editor.default\">\n\t\t\t\t<div class=\"elementor-widget-container\">\n\t\t\t\t\t\t\t\t\tDieser Support seitens Wildix bedeutet volle Kompatibilit\u00e4t mit der Headset-Software von Apple, so dass Nutzer aktiv an Besprechungen, Chats und Telefonaten in einer Virtual-Reality-Umgebung teilnehmen k\u00f6nnen. Damit schafft Wildix den Vorl\u00e4ufer f\u00fcr vollumf\u00e4nglich integrierte virtuelle Besprechungsr\u00e4ume, die \u00fcberall auf der Welt zug\u00e4nglich sind. \t\t\t\t\t\t\t\t<\/div>\n\t\t\t\t<\/div>\n\t\t\t\t\t<\/div>\n\t\t<\/div>\n\t\t\t\t<div class=\"elementor-column elementor-col-50 elementor-inner-column elementor-element elementor-element-40cdb7c7\" data-id=\"40cdb7c7\" data-element_type=\"column\" data-e-type=\"column\">\n\t\t\t<div class=\"elementor-widget-wrap elementor-element-populated\">\n\t\t\t\t\t\t<div class=\"elementor-element elementor-element-3226885b elementor-widget elementor-widget-image\" data-id=\"3226885b\" data-element_type=\"widget\" data-e-type=\"widget\" data-widget_type=\"image.default\">\n\t\t\t\t<div class=\"elementor-widget-container\">\n\t\t\t\t\t\t\t\t\t\t\t\t\t\t\t<img fetchpriority=\"high\" decoding=\"async\" width=\"1200\" height=\"630\" src=\"https:\/\/www.wildix.com\/wp-content\/uploads\/2023\/08\/Wildix-Announces-Support-for-New-Apple-Vision-Pro-VR.jpg\" class=\"attachment-full size-full wp-image-8048453\" alt=\"Wildix Announces Support\" srcset=\"https:\/\/www.wildix.com\/wp-content\/uploads\/2023\/08\/Wildix-Announces-Support-for-New-Apple-Vision-Pro-VR.jpg 1200w, https:\/\/www.wildix.com\/wp-content\/uploads\/2023\/08\/Wildix-Announces-Support-for-New-Apple-Vision-Pro-VR-300x158.jpg 300w, https:\/\/www.wildix.com\/wp-content\/uploads\/2023\/08\/Wildix-Announces-Support-for-New-Apple-Vision-Pro-VR-1024x538.jpg 1024w, https:\/\/www.wildix.com\/wp-content\/uploads\/2023\/08\/Wildix-Announces-Support-for-New-Apple-Vision-Pro-VR-768x403.jpg 768w\" sizes=\"(max-width: 1200px) 100vw, 1200px\" \/>\t\t\t\t\t\t\t\t\t\t\t\t\t\t\t<\/div>\n\t\t\t\t<\/div>\n\t\t\t\t\t<\/div>\n\t\t<\/div>\n\t\t\t\t\t<\/div>\n\t\t<\/section>\n\t\t\t\t<section class=\"elementor-section elementor-inner-section elementor-element elementor-element-70c0fb50 elementor-section-boxed elementor-section-height-default elementor-section-height-default\" data-id=\"70c0fb50\" data-element_type=\"section\" data-e-type=\"section\" data-settings=\"{&quot;jet_parallax_layout_list&quot;:[]}\">\n\t\t\t\t\t\t<div class=\"elementor-container elementor-column-gap-default\">\n\t\t\t\t\t<div class=\"elementor-column elementor-col-100 elementor-inner-column elementor-element elementor-element-69ab6272\" data-id=\"69ab6272\" data-element_type=\"column\" data-e-type=\"column\">\n\t\t\t<div class=\"elementor-widget-wrap elementor-element-populated\">\n\t\t\t\t\t\t<div class=\"elementor-element elementor-element-33bb0c7c testimonials-block elementor-widget elementor-widget-testimonial\" data-id=\"33bb0c7c\" data-element_type=\"widget\" data-e-type=\"widget\" data-widget_type=\"testimonial.default\">\n\t\t\t\t<div class=\"elementor-widget-container\">\n\t\t\t\t\t\t\t<div class=\"elementor-testimonial-wrapper\">\n\t\t\t\t\t\t\t<div class=\"elementor-testimonial-content\">\"Wir zeigen einmal mehr, wie effektiv agile Teams, die einen \u2018Fit-for-Purpose\u2019-Ansatz verfolgen, Entwicklungsarbeit leisten k\u00f6nnen\", so Dmitri Osler, Gr\u00fcnder und CTO von Wildix. \u201eWir sehen das enorme Potenzial dieser Technologie, \u00e4hnlich wie bei WebRTC vor zehn Jahren, und sind stolz darauf, bei der Einbindung unter den allerersten zu sein.\"<\/div>\n\t\t\t\n\t\t\t\t\t\t<div class=\"elementor-testimonial-meta elementor-has-image elementor-testimonial-image-position-aside\">\n\t\t\t\t<div class=\"elementor-testimonial-meta-inner\">\n\t\t\t\t\t\t\t\t\t\t\t<div class=\"elementor-testimonial-image\">\n\t\t\t\t\t\t\t<img decoding=\"async\" width=\"150\" height=\"150\" src=\"https:\/\/www.wildix.com\/wp-content\/uploads\/2022\/07\/dimitri-osler-150x150.jpg\" class=\"attachment-thumbnail size-thumbnail wp-image-7966305\" alt=\"Dimitri Osler\" \/>\t\t\t\t\t\t<\/div>\n\t\t\t\t\t\n\t\t\t\t\t\t\t\t\t\t<div class=\"elementor-testimonial-details\">\n\t\t\t\t\t\t\t\t\t\t\t\t\t\t<div class=\"elementor-testimonial-name\">Dimitri Osler,<\/div>\n\t\t\t\t\t\t\t\t\t\t\t\t\t\t\t\t\t\t\t\t\t\t<div class=\"elementor-testimonial-job\">Gr\u00fcnder und CTO von Wildix<\/div>\n\t\t\t\t\t\t\t\t\t\t\t\t\t<\/div>\n\t\t\t\t\t\t\t\t\t<\/div>\n\t\t\t<\/div>\n\t\t\t\t\t<\/div>\n\t\t\t\t\t\t<\/div>\n\t\t\t\t<\/div>\n\t\t\t\t\t<\/div>\n\t\t<\/div>\n\t\t\t\t\t<\/div>\n\t\t<\/section>\n\t\t\t\t<div class=\"elementor-element elementor-element-54598d83 elementor-widget elementor-widget-text-editor\" data-id=\"54598d83\" data-element_type=\"widget\" data-e-type=\"widget\" data-widget_type=\"text-editor.default\">\n\t\t\t\t<div class=\"elementor-widget-container\">\n\t\t\t\t\t\t\t\t\tDas Headset von Apple kommt zwar erst Anfang 2024 in den Handel, R&#038;D-Teams erhalten jedoch vorab Zugang zu Software Development Kits, um etwaige Anwendungen bereits vor der Produktver\u00f6ffentlichung zu entwickeln. Das Apple Vision Pro wird sowohl von der urspr\u00fcnglichen UC-Plattform von Wildix, Collaboration, als auch auf der neuesten vertriebsorientierten UCaaS-Plattform, x-bees, unterst\u00fctzt. \t\t\t\t\t\t\t\t<\/div>\n\t\t\t\t<\/div>\n\t\t\t\t<section class=\"elementor-section elementor-inner-section elementor-element elementor-element-9527221 elementor-section-boxed elementor-section-height-default elementor-section-height-default\" data-id=\"9527221\" data-element_type=\"section\" data-e-type=\"section\" data-settings=\"{&quot;jet_parallax_layout_list&quot;:[]}\">\n\t\t\t\t\t\t<div class=\"elementor-container elementor-column-gap-default\">\n\t\t\t\t\t<div class=\"elementor-column elementor-col-100 elementor-inner-column elementor-element elementor-element-25b7c5b\" data-id=\"25b7c5b\" data-element_type=\"column\" data-e-type=\"column\">\n\t\t\t<div class=\"elementor-widget-wrap elementor-element-populated\">\n\t\t\t\t\t\t<div class=\"elementor-element elementor-element-ee8dd6b testimonials-block elementor-widget elementor-widget-testimonial\" data-id=\"ee8dd6b\" data-element_type=\"widget\" data-e-type=\"widget\" data-widget_type=\"testimonial.default\">\n\t\t\t\t<div class=\"elementor-widget-container\">\n\t\t\t\t\t\t\t<div class=\"elementor-testimonial-wrapper\">\n\t\t\t\t\t\t\t<div class=\"elementor-testimonial-content\">\"Stellen Sie sich vor, Sie k\u00f6nnten virtuell einen Raum betreten und direkt alle Teilnehmer in 3D sehen\", erkl\u00e4rt Elena Kornilova, Product Marketing Manager bei Wildix. \u201eDerzeit erm\u00f6glicht uns die Technologie bereits, dass wir die Personen durch Webcams mit einem virtuellen Raumhintergrund vor uns haben, aber wir werden das k\u00fcnftig zu einer kompletten virtuellen Raumumgebung weiterentwickeln k\u00f6nnen. Damit werden wir auch ein neues Level bei der Schaffung einer wirklich effektiven hybriden Arbeitsl\u00f6sung erreichen.\"<\/div>\n\t\t\t\n\t\t\t\t\t\t<div class=\"elementor-testimonial-meta elementor-has-image elementor-testimonial-image-position-aside\">\n\t\t\t\t<div class=\"elementor-testimonial-meta-inner\">\n\t\t\t\t\t\t\t\t\t\t\t<div class=\"elementor-testimonial-image\">\n\t\t\t\t\t\t\t<img decoding=\"async\" width=\"150\" height=\"150\" src=\"https:\/\/www.wildix.com\/wp-content\/uploads\/2022\/12\/Elena-Kornilova-Product-Marketing-Manager-at-Wildix-150x150.jpg\" class=\"attachment-thumbnail size-thumbnail wp-image-7998596\" alt=\"Elena Kornilova, Product Marketing Manager at Wildix\" srcset=\"https:\/\/www.wildix.com\/wp-content\/uploads\/2022\/12\/Elena-Kornilova-Product-Marketing-Manager-at-Wildix-150x150.jpg 150w, https:\/\/www.wildix.com\/wp-content\/uploads\/2022\/12\/Elena-Kornilova-Product-Marketing-Manager-at-Wildix-300x300.jpg 300w, https:\/\/www.wildix.com\/wp-content\/uploads\/2022\/12\/Elena-Kornilova-Product-Marketing-Manager-at-Wildix.jpg 500w\" sizes=\"(max-width: 150px) 100vw, 150px\" \/>\t\t\t\t\t\t<\/div>\n\t\t\t\t\t\n\t\t\t\t\t\t\t\t\t\t<div class=\"elementor-testimonial-details\">\n\t\t\t\t\t\t\t\t\t\t\t\t\t\t<div class=\"elementor-testimonial-name\">Elena Kornilova,<\/div>\n\t\t\t\t\t\t\t\t\t\t\t\t\t\t\t\t\t\t\t\t\t\t<div class=\"elementor-testimonial-job\">Product Marketing Manager bei Wildix<\/div>\n\t\t\t\t\t\t\t\t\t\t\t\t\t<\/div>\n\t\t\t\t\t\t\t\t\t<\/div>\n\t\t\t<\/div>\n\t\t\t\t\t<\/div>\n\t\t\t\t\t\t<\/div>\n\t\t\t\t<\/div>\n\t\t\t\t<div class=\"elementor-element elementor-element-5524a841 elementor-widget elementor-widget-text-editor\" data-id=\"5524a841\" data-element_type=\"widget\" data-e-type=\"widget\" data-widget_type=\"text-editor.default\">\n\t\t\t\t<div class=\"elementor-widget-container\">\n\t\t\t\t\t\t\t\t\tBisher konzentriert sich die von Wildix entwickelte L\u00f6sung in erster Linie auf die Bereitstellung der Schnittstelle als Heads-up-Display, es sollen jedoch in weiterer Folge noch weitaus mehr Features eingebunden werden.\t\t\t\t\t\t\t\t<\/div>\n\t\t\t\t<\/div>\n\t\t\t\t\t<\/div>\n\t\t<\/div>\n\t\t\t\t\t<\/div>\n\t\t<\/section>\n\t\t\t\t<section class=\"elementor-section elementor-inner-section elementor-element elementor-element-379ae6e3 elementor-section-boxed elementor-section-height-default elementor-section-height-default\" data-id=\"379ae6e3\" data-element_type=\"section\" data-e-type=\"section\" data-settings=\"{&quot;jet_parallax_layout_list&quot;:[]}\">\n\t\t\t\t\t\t<div class=\"elementor-container elementor-column-gap-default\">\n\t\t\t\t\t<div class=\"elementor-column elementor-col-100 elementor-inner-column elementor-element elementor-element-5110653f\" data-id=\"5110653f\" data-element_type=\"column\" data-e-type=\"column\">\n\t\t\t<div class=\"elementor-widget-wrap elementor-element-populated\">\n\t\t\t\t\t\t<div class=\"elementor-element elementor-element-7a0fc216 testimonials-block elementor-widget elementor-widget-testimonial\" data-id=\"7a0fc216\" data-element_type=\"widget\" data-e-type=\"widget\" data-widget_type=\"testimonial.default\">\n\t\t\t\t<div class=\"elementor-widget-container\">\n\t\t\t\t\t\t\t<div class=\"elementor-testimonial-wrapper\">\n\t\t\t\t\t\t\t<div class=\"elementor-testimonial-content\">\"Die damit verbundenen M\u00f6glichkeiten werden voraussichtlich f\u00fcr Unternehmen \u00e4u\u00dferst attraktiv sein\", unterstreicht Emiliano Tomasoni, CMO von Wildix. \u201eB\u00fcrofl\u00e4chen werden teils nicht mehr ben\u00f6tigt, und Mitarbeiter erhalten die M\u00f6glichkeit, ein virtuelles B\u00fcro zu besuchen, egal wo sie leben. Vorstellbar sind auch vielf\u00e4ltige Anwendungsbereiche f\u00fcr \u00c4rzte, Therapeuten und Mediatoren, da die neue Technologie individuelle R\u00e4ume bereitstellen kann, die weit \u00fcber das hinausgehen, was ein einfacher Zoom- oder Teams-Anruf heute leisten kann. Die Technologie ist da.\"<\/div>\n\t\t\t\n\t\t\t\t\t\t<div class=\"elementor-testimonial-meta elementor-has-image elementor-testimonial-image-position-aside\">\n\t\t\t\t<div class=\"elementor-testimonial-meta-inner\">\n\t\t\t\t\t\t\t\t\t\t\t<div class=\"elementor-testimonial-image\">\n\t\t\t\t\t\t\t<img loading=\"lazy\" decoding=\"async\" width=\"150\" height=\"150\" src=\"https:\/\/www.wildix.com\/wp-content\/uploads\/2021\/03\/emiliano-tomasoni-smo-at-wildix-150x150.jpeg\" class=\"attachment-thumbnail size-thumbnail wp-image-7869499\" alt=\"Emiliano Tomasoni\" srcset=\"https:\/\/www.wildix.com\/wp-content\/uploads\/2021\/03\/emiliano-tomasoni-smo-at-wildix-150x150.jpeg 150w, https:\/\/www.wildix.com\/wp-content\/uploads\/2021\/03\/emiliano-tomasoni-smo-at-wildix-300x300.jpeg 300w, https:\/\/www.wildix.com\/wp-content\/uploads\/2021\/03\/emiliano-tomasoni-smo-at-wildix.jpeg 428w\" sizes=\"(max-width: 150px) 100vw, 150px\" \/>\t\t\t\t\t\t<\/div>\n\t\t\t\t\t\n\t\t\t\t\t\t\t\t\t\t<div class=\"elementor-testimonial-details\">\n\t\t\t\t\t\t\t\t\t\t\t\t\t\t<div class=\"elementor-testimonial-name\"> Emiliano Tomasoni,<\/div>\n\t\t\t\t\t\t\t\t\t\t\t\t\t\t\t\t\t\t\t\t\t\t<div class=\"elementor-testimonial-job\">CMO von Wildix<\/div>\n\t\t\t\t\t\t\t\t\t\t\t\t\t<\/div>\n\t\t\t\t\t\t\t\t\t<\/div>\n\t\t\t<\/div>\n\t\t\t\t\t<\/div>\n\t\t\t\t\t\t<\/div>\n\t\t\t\t<\/div>\n\t\t\t\t\t<\/div>\n\t\t<\/div>\n\t\t\t\t\t<\/div>\n\t\t<\/section>\n\t\t\t\t<div class=\"elementor-element elementor-element-31425c0 elementor-widget elementor-widget-text-editor\" data-id=\"31425c0\" data-element_type=\"widget\" data-e-type=\"widget\" data-widget_type=\"text-editor.default\">\n\t\t\t\t<div class=\"elementor-widget-container\">\n\t\t\t\t\t\t\t\t\tDie Unterst\u00fctzung f\u00fcr das Apple Vision Pro ist jetzt f\u00fcr alle Wildix-Tools verf\u00fcgbar. <a title=\"Schaffen Sie neue Wachstumsm\u00f6glichkeiten - Buchen Sie noch heute eine Demo\" href=\"https:\/\/www.wildix.com\/de\/try\/\" target=\"_self\" rel=\"noopener\">Klicken Sie hier<\/a>, um direkt mit einem unserer Mitarbeiter zu sprechen.\t\t\t\t\t\t\t\t<\/div>\n\t\t\t\t<\/div>\n\t\t\t\t<div class=\"elementor-element elementor-element-ed9212b gallery-spacing-custom elementor-widget elementor-widget-image-gallery\" data-id=\"ed9212b\" data-element_type=\"widget\" data-e-type=\"widget\" data-widget_type=\"image-gallery.default\">\n\t\t\t\t<div class=\"elementor-widget-container\">\n\t\t\t\t\t\t\t<div class=\"elementor-image-gallery\">\n\t\t\t<div id='gallery-1' class='gallery galleryid-8048700 gallery-columns-3 gallery-size-internal-gallery'><figure class='gallery-item'>\n\t\t\t<div class='gallery-icon landscape'>\n\t\t\t\t<a data-elementor-open-lightbox=\"yes\" data-elementor-lightbox-slideshow=\"ed9212b\" data-elementor-lightbox-title=\"Wildix Announces Support for New Apple Vision Pro VR 1\" data-e-action-hash=\"#elementor-action%3Aaction%3Dlightbox%26settings%3DeyJpZCI6ODA0ODQ2NCwidXJsIjoiaHR0cHM6XC9cL3d3dy53aWxkaXguY29tXC93cC1jb250ZW50XC91cGxvYWRzXC8yMDIzXC8wOFwvV2lsZGl4LUFubm91bmNlcy1TdXBwb3J0LWZvci1OZXctQXBwbGUtVmlzaW9uLVByby1WUi0xLndlYnAiLCJzbGlkZXNob3ciOiJlZDkyMTJiIn0%3D\" href='https:\/\/www.wildix.com\/wp-content\/uploads\/2023\/08\/Wildix-Announces-Support-for-New-Apple-Vision-Pro-VR-1.webp'><img loading=\"lazy\" width=\"270\" height=\"310\" src=\"https:\/\/www.wildix.com\/wp-content\/uploads\/2023\/08\/Wildix-Announces-Support-for-New-Apple-Vision-Pro-VR-1-270x310.webp\" class=\"attachment-internal-gallery size-internal-gallery\" alt=\"Wildix Announces Support for New Apple Vision Pro VR\" decoding=\"async\" \/><\/a>\n\t\t\t<\/div><\/figure><figure class='gallery-item'>\n\t\t\t<div class='gallery-icon landscape'>\n\t\t\t\t<a data-elementor-open-lightbox=\"yes\" data-elementor-lightbox-slideshow=\"ed9212b\" data-elementor-lightbox-title=\"Wildix Announces Support for New Apple Vision Pro VR 2\" data-e-action-hash=\"#elementor-action%3Aaction%3Dlightbox%26settings%3DeyJpZCI6ODA0ODQ3MSwidXJsIjoiaHR0cHM6XC9cL3d3dy53aWxkaXguY29tXC93cC1jb250ZW50XC91cGxvYWRzXC8yMDIzXC8wOFwvV2lsZGl4LUFubm91bmNlcy1TdXBwb3J0LWZvci1OZXctQXBwbGUtVmlzaW9uLVByby1WUi0yLndlYnAiLCJzbGlkZXNob3ciOiJlZDkyMTJiIn0%3D\" href='https:\/\/www.wildix.com\/wp-content\/uploads\/2023\/08\/Wildix-Announces-Support-for-New-Apple-Vision-Pro-VR-2.webp'><img loading=\"lazy\" width=\"270\" height=\"310\" src=\"https:\/\/www.wildix.com\/wp-content\/uploads\/2023\/08\/Wildix-Announces-Support-for-New-Apple-Vision-Pro-VR-2-270x310.webp\" class=\"attachment-internal-gallery size-internal-gallery\" alt=\"Wildix Announces Support for New Apple Vision Pro VR\" decoding=\"async\" \/><\/a>\n\t\t\t<\/div><\/figure><figure class='gallery-item'>\n\t\t\t<div class='gallery-icon landscape'>\n\t\t\t\t<a data-elementor-open-lightbox=\"yes\" data-elementor-lightbox-slideshow=\"ed9212b\" data-elementor-lightbox-title=\"Wildix Announces Support for New Apple Vision Pro VR 3\" data-e-action-hash=\"#elementor-action%3Aaction%3Dlightbox%26settings%3DeyJpZCI6ODA0ODQ3OCwidXJsIjoiaHR0cHM6XC9cL3d3dy53aWxkaXguY29tXC93cC1jb250ZW50XC91cGxvYWRzXC8yMDIzXC8wOFwvV2lsZGl4LUFubm91bmNlcy1TdXBwb3J0LWZvci1OZXctQXBwbGUtVmlzaW9uLVByby1WUi0zLndlYnAiLCJzbGlkZXNob3ciOiJlZDkyMTJiIn0%3D\" href='https:\/\/www.wildix.com\/wp-content\/uploads\/2023\/08\/Wildix-Announces-Support-for-New-Apple-Vision-Pro-VR-3.webp'><img loading=\"lazy\" width=\"270\" height=\"310\" src=\"https:\/\/www.wildix.com\/wp-content\/uploads\/2023\/08\/Wildix-Announces-Support-for-New-Apple-Vision-Pro-VR-3-270x310.webp\" class=\"attachment-internal-gallery size-internal-gallery\" alt=\"Wildix Announces Support for New Apple Vision Pro VR\" decoding=\"async\" \/><\/a>\n\t\t\t<\/div><\/figure><figure class='gallery-item'>\n\t\t\t<div class='gallery-icon landscape'>\n\t\t\t\t<a data-elementor-open-lightbox=\"yes\" data-elementor-lightbox-slideshow=\"ed9212b\" data-elementor-lightbox-title=\"Wildix Announces Support for New Apple Vision Pro VR 4\" data-e-action-hash=\"#elementor-action%3Aaction%3Dlightbox%26settings%3DeyJpZCI6ODA0ODQ4NSwidXJsIjoiaHR0cHM6XC9cL3d3dy53aWxkaXguY29tXC93cC1jb250ZW50XC91cGxvYWRzXC8yMDIzXC8wOFwvV2lsZGl4LUFubm91bmNlcy1TdXBwb3J0LWZvci1OZXctQXBwbGUtVmlzaW9uLVByby1WUi00LndlYnAiLCJzbGlkZXNob3ciOiJlZDkyMTJiIn0%3D\" href='https:\/\/www.wildix.com\/wp-content\/uploads\/2023\/08\/Wildix-Announces-Support-for-New-Apple-Vision-Pro-VR-4.webp'><img loading=\"lazy\" width=\"270\" height=\"310\" src=\"https:\/\/www.wildix.com\/wp-content\/uploads\/2023\/08\/Wildix-Announces-Support-for-New-Apple-Vision-Pro-VR-4-270x310.webp\" class=\"attachment-internal-gallery size-internal-gallery\" alt=\"Wildix Announces Support for New Apple Vision Pro VR\" decoding=\"async\" \/><\/a>\n\t\t\t<\/div><\/figure><figure class='gallery-item'>\n\t\t\t<div class='gallery-icon landscape'>\n\t\t\t\t<a data-elementor-open-lightbox=\"yes\" data-elementor-lightbox-slideshow=\"ed9212b\" data-elementor-lightbox-title=\"Wildix Announces Support for New Apple Vision Pro VR 5\" data-e-action-hash=\"#elementor-action%3Aaction%3Dlightbox%26settings%3DeyJpZCI6ODA0ODQ5MiwidXJsIjoiaHR0cHM6XC9cL3d3dy53aWxkaXguY29tXC93cC1jb250ZW50XC91cGxvYWRzXC8yMDIzXC8wOFwvV2lsZGl4LUFubm91bmNlcy1TdXBwb3J0LWZvci1OZXctQXBwbGUtVmlzaW9uLVByby1WUi01LndlYnAiLCJzbGlkZXNob3ciOiJlZDkyMTJiIn0%3D\" href='https:\/\/www.wildix.com\/wp-content\/uploads\/2023\/08\/Wildix-Announces-Support-for-New-Apple-Vision-Pro-VR-5.webp'><img loading=\"lazy\" width=\"270\" height=\"310\" src=\"https:\/\/www.wildix.com\/wp-content\/uploads\/2023\/08\/Wildix-Announces-Support-for-New-Apple-Vision-Pro-VR-5-270x310.webp\" class=\"attachment-internal-gallery size-internal-gallery\" alt=\"Wildix Announces Support for New Apple Vision Pro VR\" decoding=\"async\" \/><\/a>\n\t\t\t<\/div><\/figure><figure class='gallery-item'>\n\t\t\t<div class='gallery-icon landscape'>\n\t\t\t\t<a data-elementor-open-lightbox=\"yes\" data-elementor-lightbox-slideshow=\"ed9212b\" data-elementor-lightbox-title=\"Wildix Announces Support for New Apple Vision Pro VR 6\" data-e-action-hash=\"#elementor-action%3Aaction%3Dlightbox%26settings%3DeyJpZCI6ODA0ODQ5OSwidXJsIjoiaHR0cHM6XC9cL3d3dy53aWxkaXguY29tXC93cC1jb250ZW50XC91cGxvYWRzXC8yMDIzXC8wOFwvV2lsZGl4LUFubm91bmNlcy1TdXBwb3J0LWZvci1OZXctQXBwbGUtVmlzaW9uLVByby1WUi02LndlYnAiLCJzbGlkZXNob3ciOiJlZDkyMTJiIn0%3D\" href='https:\/\/www.wildix.com\/wp-content\/uploads\/2023\/08\/Wildix-Announces-Support-for-New-Apple-Vision-Pro-VR-6.webp'><img loading=\"lazy\" width=\"270\" height=\"310\" src=\"https:\/\/www.wildix.com\/wp-content\/uploads\/2023\/08\/Wildix-Announces-Support-for-New-Apple-Vision-Pro-VR-6-270x310.webp\" class=\"attachment-internal-gallery size-internal-gallery\" alt=\"Wildix Announces Support for New Apple Vision Pro VR\" decoding=\"async\" \/><\/a>\n\t\t\t<\/div><\/figure>\n\t\t<\/div>\n\t\t<\/div>\n\t\t\t\t\t\t<\/div>\n\t\t\t\t<\/div>\n\t\t\t\t\t<\/div>\n\t\t<\/div>\n\t\t\t\t\t<\/div>\n\t\t<\/section>\n\t\t\t\t<\/div>\n\t\t","protected":false},"excerpt":{"rendered":"<p>Pressemitteilung Wildix unterst\u00fctzt die neue High-Tech-Brille von Apple und unterstreicht damit seinen Ruf als innovatives Unternehmen, das auf die vielversprechendsten Technologietrends der Zukunft setzt Tallinn, Estland \u2013 31. August 2023 \u2013 Wildix teilt mit, dass es die erste bekannte Unified-Communications-L\u00f6sung entwickelt hat, die das Apple Vision Pro VR-Headset unterst\u00fctzt. Die Ank\u00fcndigung kommt nur drei Monate [&hellip;]<\/p>\n","protected":false},"author":5,"featured_media":8048453,"parent":0,"comment_status":"closed","ping_status":"closed","sticky":false,"template":"","format":"standard","meta":{"_acf_changed":false,"site-sidebar-layout":"default","site-content-layout":"","ast-site-content-layout":"default","site-content-style":"default","site-sidebar-style":"default","ast-global-header-display":"","ast-banner-title-visibility":"","ast-main-header-display":"","ast-hfb-above-header-display":"","ast-hfb-below-header-display":"","ast-hfb-mobile-header-display":"","site-post-title":"","ast-breadcrumbs-content":"","ast-featured-img":"","footer-sml-layout":"","ast-disable-related-posts":"","theme-transparent-header-meta":"","adv-header-id-meta":"","stick-header-meta":"","header-above-stick-meta":"","header-main-stick-meta":"","header-below-stick-meta":"","astra-migrate-meta-layouts":"set","ast-page-background-enabled":"default","ast-page-background-meta":{"desktop":{"background-color":"var(--ast-global-color-4)","background-image":"","background-repeat":"repeat","background-position":"center center","background-size":"auto","background-attachment":"scroll","background-type":"","background-media":"","overlay-type":"","overlay-color":"","overlay-opacity":"","overlay-gradient":""},"tablet":{"background-color":"","background-image":"","background-repeat":"repeat","background-position":"center center","background-size":"auto","background-attachment":"scroll","background-type":"","background-media":"","overlay-type":"","overlay-color":"","overlay-opacity":"","overlay-gradient":""},"mobile":{"background-color":"","background-image":"","background-repeat":"repeat","background-position":"center center","background-size":"auto","background-attachment":"scroll","background-type":"","background-media":"","overlay-type":"","overlay-color":"","overlay-opacity":"","overlay-gradient":""}},"ast-content-background-meta":{"desktop":{"background-color":"var(--ast-global-color-5)","background-image":"","background-repeat":"repeat","background-position":"center center","background-size":"auto","background-attachment":"scroll","background-type":"","background-media":"","overlay-type":"","overlay-color":"","overlay-opacity":"","overlay-gradient":""},"tablet":{"background-color":"var(--ast-global-color-5)","background-image":"","background-repeat":"repeat","background-position":"center center","background-size":"auto","background-attachment":"scroll","background-type":"","background-media":"","overlay-type":"","overlay-color":"","overlay-opacity":"","overlay-gradient":""},"mobile":{"background-color":"var(--ast-global-color-5)","background-image":"","background-repeat":"repeat","background-position":"center center","background-size":"auto","background-attachment":"scroll","background-type":"","background-media":"","overlay-type":"","overlay-color":"","overlay-opacity":"","overlay-gradient":""}},"_jet_sm_ready_style":"","_jet_sm_style":"","_jet_sm_controls_values":"","_jet_sm_fonts_collection":"","_jet_sm_fonts_links":"","footnotes":""},"categories":[863],"tags":[],"class_list":["post-8048700","post","type-post","status-publish","format-standard","has-post-thumbnail","hentry","category-news-german"],"acf":[],"yoast_head":"<!-- This site is optimized with the Yoast SEO plugin v27.4 - https:\/\/yoast.com\/product\/yoast-seo-wordpress\/ -->\n<title>Wildix k\u00fcndigt Support f\u00fcr die neue Apple Vision Pro VR an | Wildix<\/title>\n<meta name=\"description\" content=\"Wildix unterst\u00fctzt die neue High-Tech-Brille von Apple und unterstreicht damit seinen Ruf als innovatives Unternehmen, das auf die vielversprechendsten Technologietrends der Zukunft setzt\" \/>\n<meta name=\"robots\" content=\"index, follow, max-snippet:-1, max-image-preview:large, max-video-preview:-1\" \/>\n<meta property=\"og:locale\" content=\"de_DE\" \/>\n<meta property=\"og:type\" content=\"article\" \/>\n<meta property=\"og:title\" content=\"Wildix k\u00fcndigt Support f\u00fcr die neue Apple Vision Pro VR an | Wildix\" \/>\n<meta property=\"og:description\" content=\"Wildix unterst\u00fctzt die neue High-Tech-Brille von Apple und unterstreicht damit seinen Ruf als innovatives Unternehmen, das auf die vielversprechendsten Technologietrends der Zukunft setzt\" \/>\n<meta property=\"og:url\" content=\"https:\/\/www.wildix.com\/de\/wildix-kuendigt-support-fuer-apple-vision-pro-an\/\" \/>\n<meta property=\"og:site_name\" content=\"Wildix\" \/>\n<meta property=\"article:publisher\" content=\"https:\/\/www.facebook.com\/groups\/wildixtechwizards\/?mibextid=6NoCDW\" \/>\n<meta property=\"article:published_time\" content=\"2023-08-30T23:24:17+00:00\" \/>\n<meta property=\"article:modified_time\" content=\"2024-03-08T09:47:14+00:00\" \/>\n<meta property=\"og:image\" content=\"https:\/\/www.wildix.com\/wp-content\/uploads\/2023\/08\/Wildix-Announces-Support-for-New-Apple-Vision-Pro-VR.jpg\" \/>\n\t<meta property=\"og:image:width\" content=\"1200\" \/>\n\t<meta property=\"og:image:height\" content=\"630\" \/>\n\t<meta property=\"og:image:type\" content=\"image\/jpeg\" \/>\n<meta name=\"author\" content=\"Anna Zhuravlyova\" \/>\n<meta name=\"twitter:card\" content=\"summary_large_image\" \/>\n<meta name=\"twitter:image\" content=\"https:\/\/www.wildix.com\/wp-content\/uploads\/2023\/08\/Wildix-Announces-Support-for-New-Apple-Vision-Pro-VR.jpg\" \/>\n<meta name=\"twitter:creator\" content=\"@wildix_\" \/>\n<meta name=\"twitter:site\" content=\"@wildix_\" \/>\n<meta name=\"twitter:label1\" content=\"Verfasst von\" \/>\n\t<meta name=\"twitter:data1\" content=\"Anna Zhuravlyova\" \/>\n\t<meta name=\"twitter:label2\" content=\"Gesch\u00e4tzte Lesezeit\" \/>\n\t<meta name=\"twitter:data2\" content=\"4\u00a0Minuten\" \/>\n<!-- \/ Yoast SEO plugin. -->","yoast_head_json":{"title":"Wildix k\u00fcndigt Support f\u00fcr die neue Apple Vision Pro VR an | Wildix","description":"Wildix unterst\u00fctzt die neue High-Tech-Brille von Apple und unterstreicht damit seinen Ruf als innovatives Unternehmen, das auf die vielversprechendsten Technologietrends der Zukunft setzt","robots":{"index":"index","follow":"follow","max-snippet":"max-snippet:-1","max-image-preview":"max-image-preview:large","max-video-preview":"max-video-preview:-1"},"og_locale":"de_DE","og_type":"article","og_title":"Wildix k\u00fcndigt Support f\u00fcr die neue Apple Vision Pro VR an | Wildix","og_description":"Wildix unterst\u00fctzt die neue High-Tech-Brille von Apple und unterstreicht damit seinen Ruf als innovatives Unternehmen, das auf die vielversprechendsten Technologietrends der Zukunft setzt","og_url":"https:\/\/www.wildix.com\/de\/wildix-kuendigt-support-fuer-apple-vision-pro-an\/","og_site_name":"Wildix","article_publisher":"https:\/\/www.facebook.com\/groups\/wildixtechwizards\/?mibextid=6NoCDW","article_published_time":"2023-08-30T23:24:17+00:00","article_modified_time":"2024-03-08T09:47:14+00:00","og_image":[{"width":1200,"height":630,"url":"https:\/\/www.wildix.com\/wp-content\/uploads\/2023\/08\/Wildix-Announces-Support-for-New-Apple-Vision-Pro-VR.jpg","type":"image\/jpeg"}],"author":"Anna Zhuravlyova","twitter_card":"summary_large_image","twitter_image":"https:\/\/www.wildix.com\/wp-content\/uploads\/2023\/08\/Wildix-Announces-Support-for-New-Apple-Vision-Pro-VR.jpg","twitter_creator":"@wildix_","twitter_site":"@wildix_","twitter_misc":{"Verfasst von":"Anna Zhuravlyova","Gesch\u00e4tzte Lesezeit":"4\u00a0Minuten"},"schema":{"@context":"https:\/\/schema.org","@graph":[{"@type":"Article","@id":"https:\/\/www.wildix.com\/de\/wildix-kuendigt-support-fuer-apple-vision-pro-an\/#article","isPartOf":{"@id":"https:\/\/www.wildix.com\/de\/wildix-kuendigt-support-fuer-apple-vision-pro-an\/"},"author":{"name":"Anna Zhuravlyova","@id":"https:\/\/www.wildix.com\/de\/#\/schema\/person\/0175a2fef22d0be142fea01ed664ae39"},"headline":"Wildix k\u00fcndigt Support f\u00fcr die neue Apple\u00a0Vision\u00a0Pro\u00a0VR\u00a0an","datePublished":"2023-08-30T23:24:17+00:00","dateModified":"2024-03-08T09:47:14+00:00","mainEntityOfPage":{"@id":"https:\/\/www.wildix.com\/de\/wildix-kuendigt-support-fuer-apple-vision-pro-an\/"},"wordCount":473,"publisher":{"@id":"https:\/\/www.wildix.com\/de\/#organization"},"image":{"@id":"https:\/\/www.wildix.com\/de\/wildix-kuendigt-support-fuer-apple-vision-pro-an\/#primaryimage"},"thumbnailUrl":"https:\/\/www.wildix.com\/wp-content\/uploads\/2023\/08\/Wildix-Announces-Support-for-New-Apple-Vision-Pro-VR.jpg","articleSection":["News German"],"inLanguage":"de"},{"@type":"WebPage","@id":"https:\/\/www.wildix.com\/de\/wildix-kuendigt-support-fuer-apple-vision-pro-an\/","url":"https:\/\/www.wildix.com\/de\/wildix-kuendigt-support-fuer-apple-vision-pro-an\/","name":"Wildix k\u00fcndigt Support f\u00fcr die neue Apple Vision Pro VR an | Wildix","isPartOf":{"@id":"https:\/\/www.wildix.com\/de\/#website"},"primaryImageOfPage":{"@id":"https:\/\/www.wildix.com\/de\/wildix-kuendigt-support-fuer-apple-vision-pro-an\/#primaryimage"},"image":{"@id":"https:\/\/www.wildix.com\/de\/wildix-kuendigt-support-fuer-apple-vision-pro-an\/#primaryimage"},"thumbnailUrl":"https:\/\/www.wildix.com\/wp-content\/uploads\/2023\/08\/Wildix-Announces-Support-for-New-Apple-Vision-Pro-VR.jpg","datePublished":"2023-08-30T23:24:17+00:00","dateModified":"2024-03-08T09:47:14+00:00","description":"Wildix unterst\u00fctzt die neue High-Tech-Brille von Apple und unterstreicht damit seinen Ruf als innovatives Unternehmen, das auf die vielversprechendsten Technologietrends der Zukunft setzt","breadcrumb":{"@id":"https:\/\/www.wildix.com\/de\/wildix-kuendigt-support-fuer-apple-vision-pro-an\/#breadcrumb"},"inLanguage":"de","potentialAction":[{"@type":"ReadAction","target":["https:\/\/www.wildix.com\/de\/wildix-kuendigt-support-fuer-apple-vision-pro-an\/"]}]},{"@type":"ImageObject","inLanguage":"de","@id":"https:\/\/www.wildix.com\/de\/wildix-kuendigt-support-fuer-apple-vision-pro-an\/#primaryimage","url":"https:\/\/www.wildix.com\/wp-content\/uploads\/2023\/08\/Wildix-Announces-Support-for-New-Apple-Vision-Pro-VR.jpg","contentUrl":"https:\/\/www.wildix.com\/wp-content\/uploads\/2023\/08\/Wildix-Announces-Support-for-New-Apple-Vision-Pro-VR.jpg","width":1200,"height":630,"caption":"Wildix Announces Support"},{"@type":"BreadcrumbList","@id":"https:\/\/www.wildix.com\/de\/wildix-kuendigt-support-fuer-apple-vision-pro-an\/#breadcrumb","itemListElement":[{"@type":"ListItem","position":1,"name":"Home","item":"https:\/\/www.wildix.com\/de\/"},{"@type":"ListItem","position":2,"name":"Wildix k\u00fcndigt Support f\u00fcr die neue Apple\u00a0Vision\u00a0Pro\u00a0VR\u00a0an"}]},{"@type":"WebSite","@id":"https:\/\/www.wildix.com\/de\/#website","url":"https:\/\/www.wildix.com\/de\/","name":"Wildix","description":"","publisher":{"@id":"https:\/\/www.wildix.com\/de\/#organization"},"potentialAction":[{"@type":"SearchAction","target":{"@type":"EntryPoint","urlTemplate":"https:\/\/www.wildix.com\/de\/?s={search_term_string}"},"query-input":{"@type":"PropertyValueSpecification","valueRequired":true,"valueName":"search_term_string"}}],"inLanguage":"de"},{"@type":"Organization","@id":"https:\/\/www.wildix.com\/de\/#organization","name":"Wildix","url":"https:\/\/www.wildix.com\/de\/","logo":{"@type":"ImageObject","inLanguage":"de","@id":"https:\/\/www.wildix.com\/de\/#\/schema\/logo\/image\/","url":"https:\/\/www.wildix.com\/wp-content\/uploads\/2021\/09\/logo-1.svg","contentUrl":"https:\/\/www.wildix.com\/wp-content\/uploads\/2021\/09\/logo-1.svg","caption":"Wildix"},"image":{"@id":"https:\/\/www.wildix.com\/de\/#\/schema\/logo\/image\/"},"sameAs":["https:\/\/www.facebook.com\/groups\/wildixtechwizards\/?mibextid=6NoCDW","https:\/\/x.com\/wildix_"]},{"@type":"Person","@id":"https:\/\/www.wildix.com\/de\/#\/schema\/person\/0175a2fef22d0be142fea01ed664ae39","name":"Anna Zhuravlyova","image":{"@type":"ImageObject","inLanguage":"de","@id":"https:\/\/secure.gravatar.com\/avatar\/cee65f8562e3ebd0a8e0b4431cfbd47801051b1e68ad6ab1ecff983d85f48715?s=96&d=mm&r=g","url":"https:\/\/secure.gravatar.com\/avatar\/cee65f8562e3ebd0a8e0b4431cfbd47801051b1e68ad6ab1ecff983d85f48715?s=96&d=mm&r=g","contentUrl":"https:\/\/secure.gravatar.com\/avatar\/cee65f8562e3ebd0a8e0b4431cfbd47801051b1e68ad6ab1ecff983d85f48715?s=96&d=mm&r=g","caption":"Anna Zhuravlyova"},"url":"https:\/\/www.wildix.com\/de\/author\/anna-zhuravlyovawildix-com\/"}]}},"clean_content":"Pressemitteilung Wildix unterst\u00fctzt die neue High-Tech-Brille von Apple und unterstreicht damit seinen Ruf als innovatives Unternehmen, das auf die vielversprechendsten Technologietrends der Zukunft setzt Tallinn, Estland \u2013 31. August 2023 \u2013 Wildix teilt mit, dass es die erste bekannte Unified-Communications-L\u00f6sung entwickelt hat, die das Apple Vision Pro VR-Headset unterst\u00fctzt. Die Ank\u00fcndigung kommt nur drei Monate nach der Vorstellung des Virtual-Reality-Headsets aus Cupertino. Dieser Support seitens Wildix bedeutet volle Kompatibilit\u00e4t mit der Headset-Software von Apple, so dass Nutzer aktiv an Besprechungen, Chats und Telefonaten in einer Virtual-Reality-Umgebung teilnehmen k\u00f6nnen. Damit schafft Wildix den Vorl\u00e4ufer f\u00fcr vollumf\u00e4nglich integrierte virtuelle Besprechungsr\u00e4ume, die \u00fcberall auf der Welt zug\u00e4nglich sind. \"Wir zeigen einmal mehr, wie effektiv agile Teams, die einen \u2018Fit-for-Purpose\u2019-Ansatz verfolgen, Entwicklungsarbeit leisten k\u00f6nnen\", so Dmitri Osler, Gr\u00fcnder und CTO von Wildix. \u201eWir sehen das enorme Potenzial dieser Technologie, \u00e4hnlich wie bei WebRTC vor zehn Jahren, und sind stolz darauf, bei der Einbindung unter den allerersten zu sein.\" Dimitri Osler, Gr\u00fcnder und CTO von Wildix Das Headset von Apple kommt zwar erst Anfang 2024 in den Handel, R&D-Teams erhalten jedoch vorab Zugang zu Software Development Kits, um etwaige Anwendungen bereits vor der Produktver\u00f6ffentlichung zu entwickeln. Das Apple Vision Pro wird sowohl von der urspr\u00fcnglichen UC-Plattform von Wildix, Collaboration, als auch auf der neuesten vertriebsorientierten UCaaS-Plattform, x-bees, unterst\u00fctzt. \"Stellen Sie sich vor, Sie k\u00f6nnten virtuell einen Raum betreten und direkt alle Teilnehmer in 3D sehen\", erkl\u00e4rt Elena Kornilova, Product Marketing Manager bei Wildix. \u201eDerzeit erm\u00f6glicht uns die Technologie bereits, dass wir die Personen durch Webcams mit einem virtuellen Raumhintergrund vor uns haben, aber wir werden das k\u00fcnftig zu einer kompletten virtuellen Raumumgebung weiterentwickeln k\u00f6nnen. Damit werden wir auch ein neues Level bei der Schaffung einer wirklich effektiven hybriden Arbeitsl\u00f6sung erreichen.\" Elena Kornilova, Product Marketing Manager bei Wildix Bisher konzentriert sich die von Wildix entwickelte L\u00f6sung in erster Linie auf die Bereitstellung der Schnittstelle als Heads-up-Display, es sollen jedoch in weiterer Folge noch weitaus mehr Features eingebunden werden. \"Die damit verbundenen M\u00f6glichkeiten werden voraussichtlich f\u00fcr Unternehmen \u00e4u\u00dferst attraktiv sein\", unterstreicht Emiliano Tomasoni, CMO von Wildix. \u201eB\u00fcrofl\u00e4chen werden teils nicht mehr ben\u00f6tigt, und Mitarbeiter erhalten die M\u00f6glichkeit, ein virtuelles B\u00fcro zu besuchen, egal wo sie leben. Vorstellbar sind auch vielf\u00e4ltige Anwendungsbereiche f\u00fcr \u00c4rzte, Therapeuten und Mediatoren, da die neue Technologie individuelle R\u00e4ume bereitstellen kann, die weit \u00fcber das hinausgehen, was ein einfacher Zoom- oder Teams-Anruf heute leisten kann. Die Technologie ist da.\" Emiliano Tomasoni, CMO von Wildix Die Unterst\u00fctzung f\u00fcr das Apple Vision Pro ist jetzt f\u00fcr alle Wildix-Tools verf\u00fcgbar. Klicken Sie hier, um direkt mit einem unserer Mitarbeiter zu sprechen.","clean_excerpt":"Pressemitteilung Wildix unterst\u00fctzt die neue High-Tech-Brille von Apple und unterstreicht damit seinen Ruf als innovatives Unternehmen, das auf die vielversprechendsten Technologietrends der Zukunft setzt Tallinn, Estland \u2013 31. August 2023 \u2013 Wildix teilt mit, dass es die erste bekannte Unified-Communications-L\u00f6sung entwickelt hat, die das Apple Vision Pro VR-Headset unterst\u00fctzt. Die Ank\u00fcndigung kommt nur drei Monate...","_links":{"self":[{"href":"https:\/\/www.wildix.com\/de\/wp-json\/wp\/v2\/posts\/8048700","targetHints":{"allow":["GET"]}}],"collection":[{"href":"https:\/\/www.wildix.com\/de\/wp-json\/wp\/v2\/posts"}],"about":[{"href":"https:\/\/www.wildix.com\/de\/wp-json\/wp\/v2\/types\/post"}],"author":[{"embeddable":true,"href":"https:\/\/www.wildix.com\/de\/wp-json\/wp\/v2\/users\/5"}],"replies":[{"embeddable":true,"href":"https:\/\/www.wildix.com\/de\/wp-json\/wp\/v2\/comments?post=8048700"}],"version-history":[{"count":1,"href":"https:\/\/www.wildix.com\/de\/wp-json\/wp\/v2\/posts\/8048700\/revisions"}],"predecessor-version":[{"id":8076433,"href":"https:\/\/www.wildix.com\/de\/wp-json\/wp\/v2\/posts\/8048700\/revisions\/8076433"}],"wp:featuredmedia":[{"embeddable":true,"href":"https:\/\/www.wildix.com\/de\/wp-json\/wp\/v2\/media\/8048453"}],"wp:attachment":[{"href":"https:\/\/www.wildix.com\/de\/wp-json\/wp\/v2\/media?parent=8048700"}],"wp:term":[{"taxonomy":"category","embeddable":true,"href":"https:\/\/www.wildix.com\/de\/wp-json\/wp\/v2\/categories?post=8048700"},{"taxonomy":"post_tag","embeddable":true,"href":"https:\/\/www.wildix.com\/de\/wp-json\/wp\/v2\/tags?post=8048700"}],"curies":[{"name":"wp","href":"https:\/\/api.w.org\/{rel}","templated":true}]}}