{"id":7919909,"date":"2020-03-27T08:00:57","date_gmt":"2020-03-27T07:00:57","guid":{"rendered":"https:\/\/www.wildix.com\/twenty2x-abgesagt\/"},"modified":"2022-07-15T23:21:25","modified_gmt":"2022-07-15T21:21:25","slug":"twenty2x-abgesagt","status":"publish","type":"post","link":"https:\/\/www.wildix.com\/de\/twenty2x-abgesagt\/","title":{"rendered":"Die Deutsche Messe sagt Twenty2X ab"},"content":{"rendered":"\t\t<div data-elementor-type=\"wp-post\" data-elementor-id=\"7919909\" class=\"elementor elementor-7919909\" data-elementor-post-type=\"post\">\n\t\t\t\t\t\t<section class=\"elementor-section elementor-top-section elementor-element elementor-element-39ca87aa elementor-section-boxed elementor-section-height-default elementor-section-height-default\" data-id=\"39ca87aa\" data-element_type=\"section\" data-e-type=\"section\" data-settings=\"{&quot;jet_parallax_layout_list&quot;:[]}\">\n\t\t\t\t\t\t<div class=\"elementor-container elementor-column-gap-default\">\n\t\t\t\t\t<div class=\"elementor-column elementor-col-100 elementor-top-column elementor-element elementor-element-4e70e1c\" data-id=\"4e70e1c\" data-element_type=\"column\" data-e-type=\"column\">\n\t\t\t<div class=\"elementor-widget-wrap elementor-element-populated\">\n\t\t\t\t\t\t<div class=\"elementor-element elementor-element-15115d4f elementor-widget elementor-widget-text-editor\" data-id=\"15115d4f\" data-element_type=\"widget\" data-e-type=\"widget\" data-widget_type=\"text-editor.default\">\n\t\t\t\t<div class=\"elementor-widget-container\">\n\t\t\t\t\t\t\t\t\t<p>Die Deutsche Messe hat nun die Notbremse gezogen und die urspr\u00fcnglich von M\u00e4rz auf Juni 2020 verschobene Messe TWENTY2X ganz abgesagt.<\/p><p>Zu unsicher sei die Lage in Zeiten der Coronavirus-Krise. Man plane daher erst f\u00fcr das kommende Jahr die Premiere der neuen Digitalmesse.<\/p><p>Neuer Termin: <strong>09. bis 11. M\u00e4rz 2021<\/strong><\/p>\t\t\t\t\t\t\t\t<\/div>\n\t\t\t\t<\/div>\n\t\t\t\t\t<\/div>\n\t\t<\/div>\n\t\t\t\t\t<\/div>\n\t\t<\/section>\n\t\t\t\t<\/div>\n\t\t","protected":false},"excerpt":{"rendered":"<p>Die Deutsche Messe hat nun die Notbremse gezogen und die urspr\u00fcnglich von M\u00e4rz auf Juni 2020 verschobene Messe TWENTY2X ganz abgesagt. Zu unsicher sei die Lage in Zeiten der Coronavirus-Krise. Man plane daher erst f\u00fcr das kommende Jahr die Premiere der neuen Digitalmesse. Neuer Termin: 09. bis 11. M\u00e4rz 2021<\/p>\n","protected":false},"author":20,"featured_media":7919910,"parent":0,"comment_status":"open","ping_status":"open","sticky":false,"template":"","format":"standard","meta":{"_acf_changed":false,"site-sidebar-layout":"default","site-content-layout":"","ast-site-content-layout":"default","site-content-style":"default","site-sidebar-style":"default","ast-global-header-display":"","ast-banner-title-visibility":"","ast-main-header-display":"","ast-hfb-above-header-display":"","ast-hfb-below-header-display":"","ast-hfb-mobile-header-display":"","site-post-title":"","ast-breadcrumbs-content":"","ast-featured-img":"","footer-sml-layout":"","ast-disable-related-posts":"","theme-transparent-header-meta":"","adv-header-id-meta":"","stick-header-meta":"","header-above-stick-meta":"","header-main-stick-meta":"","header-below-stick-meta":"","astra-migrate-meta-layouts":"default","ast-page-background-enabled":"default","ast-page-background-meta":{"desktop":{"background-color":"var(--ast-global-color-4)","background-image":"","background-repeat":"repeat","background-position":"center center","background-size":"auto","background-attachment":"scroll","background-type":"","background-media":"","overlay-type":"","overlay-color":"","overlay-opacity":"","overlay-gradient":""},"tablet":{"background-color":"","background-image":"","background-repeat":"repeat","background-position":"center center","background-size":"auto","background-attachment":"scroll","background-type":"","background-media":"","overlay-type":"","overlay-color":"","overlay-opacity":"","overlay-gradient":""},"mobile":{"background-color":"","background-image":"","background-repeat":"repeat","background-position":"center center","background-size":"auto","background-attachment":"scroll","background-type":"","background-media":"","overlay-type":"","overlay-color":"","overlay-opacity":"","overlay-gradient":""}},"ast-content-background-meta":{"desktop":{"background-color":"var(--ast-global-color-5)","background-image":"","background-repeat":"repeat","background-position":"center center","background-size":"auto","background-attachment":"scroll","background-type":"","background-media":"","overlay-type":"","overlay-color":"","overlay-opacity":"","overlay-gradient":""},"tablet":{"background-color":"var(--ast-global-color-5)","background-image":"","background-repeat":"repeat","background-position":"center center","background-size":"auto","background-attachment":"scroll","background-type":"","background-media":"","overlay-type":"","overlay-color":"","overlay-opacity":"","overlay-gradient":""},"mobile":{"background-color":"var(--ast-global-color-5)","background-image":"","background-repeat":"repeat","background-position":"center center","background-size":"auto","background-attachment":"scroll","background-type":"","background-media":"","overlay-type":"","overlay-color":"","overlay-opacity":"","overlay-gradient":""}},"_jet_sm_ready_style":"","_jet_sm_style":"","_jet_sm_controls_values":"","_jet_sm_fonts_collection":"","_jet_sm_fonts_links":"","footnotes":""},"categories":[863],"tags":[],"class_list":["post-7919909","post","type-post","status-publish","format-standard","has-post-thumbnail","hentry","category-news-german"],"acf":[],"yoast_head":"<!-- This site is optimized with the Yoast SEO plugin v27.4 - https:\/\/yoast.com\/product\/yoast-seo-wordpress\/ -->\n<title>Die Deutsche Messe sagt Twenty2X ab<\/title>\n<meta name=\"description\" content=\"Die Deutsche Messe hat nun die Notbremse gezogen und die urspr\u00fcnglich von M\u00e4rz auf Juni 2020 verschobene Messe TWENTY2X ganz abgesagt.\" \/>\n<meta name=\"robots\" content=\"index, follow, max-snippet:-1, max-image-preview:large, max-video-preview:-1\" \/>\n<meta property=\"og:locale\" content=\"de_DE\" \/>\n<meta property=\"og:type\" content=\"article\" \/>\n<meta property=\"og:title\" content=\"Die Deutsche Messe sagt Twenty2X ab\" \/>\n<meta property=\"og:description\" content=\"Die Deutsche Messe hat nun die Notbremse gezogen und die urspr\u00fcnglich von M\u00e4rz auf Juni 2020 verschobene Messe TWENTY2X ganz abgesagt.\" \/>\n<meta property=\"og:url\" content=\"https:\/\/www.wildix.com\/de\/twenty2x-abgesagt\/\" \/>\n<meta property=\"og:site_name\" content=\"Wildix\" \/>\n<meta property=\"article:publisher\" content=\"https:\/\/www.facebook.com\/groups\/wildixtechwizards\/?mibextid=6NoCDW\" \/>\n<meta property=\"article:published_time\" content=\"2020-03-27T07:00:57+00:00\" \/>\n<meta property=\"article:modified_time\" content=\"2022-07-15T21:21:25+00:00\" \/>\n<meta property=\"og:image\" content=\"https:\/\/www.wildix.com\/wp-content\/uploads\/2022\/05\/twenty2x_juni_2020_absage.jpg\" \/>\n\t<meta property=\"og:image:width\" content=\"820\" \/>\n\t<meta property=\"og:image:height\" content=\"312\" \/>\n\t<meta property=\"og:image:type\" content=\"image\/jpeg\" \/>\n<meta name=\"author\" content=\"Ivan Michelazzi\" \/>\n<meta name=\"twitter:card\" content=\"summary_large_image\" \/>\n<meta name=\"twitter:creator\" content=\"@wildix_\" \/>\n<meta name=\"twitter:site\" content=\"@wildix_\" \/>\n<meta name=\"twitter:label1\" content=\"Verfasst von\" \/>\n\t<meta name=\"twitter:data1\" content=\"Ivan Michelazzi\" \/>\n\t<meta name=\"twitter:label2\" content=\"Gesch\u00e4tzte Lesezeit\" \/>\n\t<meta name=\"twitter:data2\" content=\"1\u00a0Minute\" \/>\n<!-- \/ Yoast SEO plugin. -->","yoast_head_json":{"title":"Die Deutsche Messe sagt Twenty2X ab","description":"Die Deutsche Messe hat nun die Notbremse gezogen und die urspr\u00fcnglich von M\u00e4rz auf Juni 2020 verschobene Messe TWENTY2X ganz abgesagt.","robots":{"index":"index","follow":"follow","max-snippet":"max-snippet:-1","max-image-preview":"max-image-preview:large","max-video-preview":"max-video-preview:-1"},"og_locale":"de_DE","og_type":"article","og_title":"Die Deutsche Messe sagt Twenty2X ab","og_description":"Die Deutsche Messe hat nun die Notbremse gezogen und die urspr\u00fcnglich von M\u00e4rz auf Juni 2020 verschobene Messe TWENTY2X ganz abgesagt.","og_url":"https:\/\/www.wildix.com\/de\/twenty2x-abgesagt\/","og_site_name":"Wildix","article_publisher":"https:\/\/www.facebook.com\/groups\/wildixtechwizards\/?mibextid=6NoCDW","article_published_time":"2020-03-27T07:00:57+00:00","article_modified_time":"2022-07-15T21:21:25+00:00","og_image":[{"width":820,"height":312,"url":"https:\/\/www.wildix.com\/wp-content\/uploads\/2022\/05\/twenty2x_juni_2020_absage.jpg","type":"image\/jpeg"}],"author":"Ivan Michelazzi","twitter_card":"summary_large_image","twitter_creator":"@wildix_","twitter_site":"@wildix_","twitter_misc":{"Verfasst von":"Ivan Michelazzi","Gesch\u00e4tzte Lesezeit":"1\u00a0Minute"},"schema":{"@context":"https:\/\/schema.org","@graph":[{"@type":"Article","@id":"https:\/\/www.wildix.com\/de\/twenty2x-abgesagt\/#article","isPartOf":{"@id":"https:\/\/www.wildix.com\/de\/twenty2x-abgesagt\/"},"author":{"name":"Ivan Michelazzi","@id":"https:\/\/www.wildix.com\/de\/#\/schema\/person\/b1a7a7b15f760c50de71110bbde7b523"},"headline":"Die Deutsche Messe sagt Twenty2X ab","datePublished":"2020-03-27T07:00:57+00:00","dateModified":"2022-07-15T21:21:25+00:00","mainEntityOfPage":{"@id":"https:\/\/www.wildix.com\/de\/twenty2x-abgesagt\/"},"wordCount":58,"commentCount":0,"publisher":{"@id":"https:\/\/www.wildix.com\/de\/#organization"},"image":{"@id":"https:\/\/www.wildix.com\/de\/twenty2x-abgesagt\/#primaryimage"},"thumbnailUrl":"https:\/\/www.wildix.com\/wp-content\/uploads\/2022\/05\/twenty2x_juni_2020_absage.jpg","articleSection":["News German"],"inLanguage":"de","potentialAction":[{"@type":"CommentAction","name":"Comment","target":["https:\/\/www.wildix.com\/de\/twenty2x-abgesagt\/#respond"]}]},{"@type":"WebPage","@id":"https:\/\/www.wildix.com\/de\/twenty2x-abgesagt\/","url":"https:\/\/www.wildix.com\/de\/twenty2x-abgesagt\/","name":"Die Deutsche Messe sagt Twenty2X ab","isPartOf":{"@id":"https:\/\/www.wildix.com\/de\/#website"},"primaryImageOfPage":{"@id":"https:\/\/www.wildix.com\/de\/twenty2x-abgesagt\/#primaryimage"},"image":{"@id":"https:\/\/www.wildix.com\/de\/twenty2x-abgesagt\/#primaryimage"},"thumbnailUrl":"https:\/\/www.wildix.com\/wp-content\/uploads\/2022\/05\/twenty2x_juni_2020_absage.jpg","datePublished":"2020-03-27T07:00:57+00:00","dateModified":"2022-07-15T21:21:25+00:00","description":"Die Deutsche Messe hat nun die Notbremse gezogen und die urspr\u00fcnglich von M\u00e4rz auf Juni 2020 verschobene Messe TWENTY2X ganz abgesagt.","breadcrumb":{"@id":"https:\/\/www.wildix.com\/de\/twenty2x-abgesagt\/#breadcrumb"},"inLanguage":"de","potentialAction":[{"@type":"ReadAction","target":["https:\/\/www.wildix.com\/de\/twenty2x-abgesagt\/"]}]},{"@type":"ImageObject","inLanguage":"de","@id":"https:\/\/www.wildix.com\/de\/twenty2x-abgesagt\/#primaryimage","url":"https:\/\/www.wildix.com\/wp-content\/uploads\/2022\/05\/twenty2x_juni_2020_absage.jpg","contentUrl":"https:\/\/www.wildix.com\/wp-content\/uploads\/2022\/05\/twenty2x_juni_2020_absage.jpg","width":820,"height":312},{"@type":"BreadcrumbList","@id":"https:\/\/www.wildix.com\/de\/twenty2x-abgesagt\/#breadcrumb","itemListElement":[{"@type":"ListItem","position":1,"name":"Home","item":"https:\/\/www.wildix.com\/de\/"},{"@type":"ListItem","position":2,"name":"Die Deutsche Messe sagt Twenty2X ab"}]},{"@type":"WebSite","@id":"https:\/\/www.wildix.com\/de\/#website","url":"https:\/\/www.wildix.com\/de\/","name":"Wildix","description":"","publisher":{"@id":"https:\/\/www.wildix.com\/de\/#organization"},"potentialAction":[{"@type":"SearchAction","target":{"@type":"EntryPoint","urlTemplate":"https:\/\/www.wildix.com\/de\/?s={search_term_string}"},"query-input":{"@type":"PropertyValueSpecification","valueRequired":true,"valueName":"search_term_string"}}],"inLanguage":"de"},{"@type":"Organization","@id":"https:\/\/www.wildix.com\/de\/#organization","name":"Wildix","url":"https:\/\/www.wildix.com\/de\/","logo":{"@type":"ImageObject","inLanguage":"de","@id":"https:\/\/www.wildix.com\/de\/#\/schema\/logo\/image\/","url":"https:\/\/www.wildix.com\/wp-content\/uploads\/2021\/09\/logo-1.svg","contentUrl":"https:\/\/www.wildix.com\/wp-content\/uploads\/2021\/09\/logo-1.svg","caption":"Wildix"},"image":{"@id":"https:\/\/www.wildix.com\/de\/#\/schema\/logo\/image\/"},"sameAs":["https:\/\/www.facebook.com\/groups\/wildixtechwizards\/?mibextid=6NoCDW","https:\/\/x.com\/wildix_"]},{"@type":"Person","@id":"https:\/\/www.wildix.com\/de\/#\/schema\/person\/b1a7a7b15f760c50de71110bbde7b523","name":"Ivan Michelazzi","image":{"@type":"ImageObject","inLanguage":"de","@id":"https:\/\/secure.gravatar.com\/avatar\/c27dfefd7e146431d0cff8e02c3d7e9059d7015a9be1cebcdaa47131a73cd65f?s=96&d=mm&r=g","url":"https:\/\/secure.gravatar.com\/avatar\/c27dfefd7e146431d0cff8e02c3d7e9059d7015a9be1cebcdaa47131a73cd65f?s=96&d=mm&r=g","contentUrl":"https:\/\/secure.gravatar.com\/avatar\/c27dfefd7e146431d0cff8e02c3d7e9059d7015a9be1cebcdaa47131a73cd65f?s=96&d=mm&r=g","caption":"Ivan Michelazzi"},"url":"https:\/\/www.wildix.com\/de\/author\/l057u\/"}]}},"clean_content":"Die Deutsche Messe hat nun die Notbremse gezogen und die urspr\u00fcnglich von M\u00e4rz auf Juni 2020 verschobene Messe TWENTY2X ganz abgesagt.Zu unsicher sei die Lage in Zeiten der Coronavirus-Krise. Man plane daher erst f\u00fcr das kommende Jahr die Premiere der neuen Digitalmesse.Neuer Termin: 09. bis 11. M\u00e4rz 2021","clean_excerpt":"Die Deutsche Messe hat nun die Notbremse gezogen und die urspr\u00fcnglich von M\u00e4rz auf Juni 2020 verschobene Messe TWENTY2X ganz abgesagt.Zu unsicher sei die Lage in Zeiten der Coronavirus-Krise. Man plane daher erst f\u00fcr das kommende Jahr die Premiere der neuen Digitalmesse.Neuer Termin: 09. bis 11. M\u00e4rz 2021","_links":{"self":[{"href":"https:\/\/www.wildix.com\/de\/wp-json\/wp\/v2\/posts\/7919909","targetHints":{"allow":["GET"]}}],"collection":[{"href":"https:\/\/www.wildix.com\/de\/wp-json\/wp\/v2\/posts"}],"about":[{"href":"https:\/\/www.wildix.com\/de\/wp-json\/wp\/v2\/types\/post"}],"author":[{"embeddable":true,"href":"https:\/\/www.wildix.com\/de\/wp-json\/wp\/v2\/users\/20"}],"replies":[{"embeddable":true,"href":"https:\/\/www.wildix.com\/de\/wp-json\/wp\/v2\/comments?post=7919909"}],"version-history":[{"count":0,"href":"https:\/\/www.wildix.com\/de\/wp-json\/wp\/v2\/posts\/7919909\/revisions"}],"wp:featuredmedia":[{"embeddable":true,"href":"https:\/\/www.wildix.com\/de\/wp-json\/wp\/v2\/media\/7919910"}],"wp:attachment":[{"href":"https:\/\/www.wildix.com\/de\/wp-json\/wp\/v2\/media?parent=7919909"}],"wp:term":[{"taxonomy":"category","embeddable":true,"href":"https:\/\/www.wildix.com\/de\/wp-json\/wp\/v2\/categories?post=7919909"},{"taxonomy":"post_tag","embeddable":true,"href":"https:\/\/www.wildix.com\/de\/wp-json\/wp\/v2\/tags?post=7919909"}],"curies":[{"name":"wp","href":"https:\/\/api.w.org\/{rel}","templated":true}]}}